{"id":17680,"date":"2024-06-16T17:49:21","date_gmt":"2024-06-16T17:49:21","guid":{"rendered":"https:\/\/www.lifescienceart.com\/?p=17680"},"modified":"2024-06-16T17:49:21","modified_gmt":"2024-06-16T17:49:21","slug":"refugee-crisis-number-of-displaced-people-hits-record-high","status":"publish","type":"post","link":"https:\/\/www.lifescienceart.com\/tr\/life\/humanitarian-issues\/refugee-crisis-number-of-displaced-people-hits-record-high\/","title":{"rendered":"M\u00fclteci Krizi: Yerinden Edilenlerin Say\u0131s\u0131 Rekor Seviyeye Ula\u015ft\u0131"},"content":{"rendered":"<h2 class=\"wp-block-heading\">M\u00fclteci Krizi: Yerinden Edilenlerin Say\u0131s\u0131 Rekor Seviyeye Ula\u015ft\u0131<\/h2>\n\n<h2 class=\"wp-block-heading\">Sava\u015f ve \u00c7at\u0131\u015fmalar Kitlesel Yerinden Etmelere Yol A\u00e7\u0131yor<\/h2>\n\n<p>D\u00fcnya \u00e7ap\u0131nda milyonlarca insan, sava\u015flar, \u00e7at\u0131\u015fmalar ve zul\u00fcm nedeniyle evlerini terk etmek zorunda kal\u0131yor. 2016&#8217;da Birle\u015fmi\u015f Milletler M\u00fclteciler Y\u00fcksek Komiserli\u011fi (UNHCR), 65,6 milyon insan\u0131n zorla yerinden edildi\u011fini bildirdi ki bu da bir \u00f6nceki y\u0131la g\u00f6re 300.000&#8217;lik bir art\u0131\u015fa i\u015faret ediyor. Bu say\u0131, 22,5 milyon m\u00fclteci ve dahili olarak yerinden edilmi\u015f veya s\u0131\u011f\u0131nma ba\u015fvurusunda bulunan di\u011fer ki\u015fileri i\u00e7eriyor.<\/p>\n\n<p>Suriye&#8217;deki \u00e7at\u0131\u015fma en fazla m\u00fclteciyi ortaya \u00e7\u0131kard\u0131 ve \u00fclke n\u00fcfusunun %50&#8217;sinden fazlas\u0131n\u0131n \u00fclke i\u00e7inde veya d\u0131\u015f\u0131nda yerinden edildi\u011fi tahmin ediliyor. G\u00fcney Sudan&#8217;da etnik gruplar aras\u0131ndaki iktidar payla\u015f\u0131m\u0131 anla\u015fmas\u0131n\u0131n bozulmas\u0131, ikinci en y\u00fcksek m\u00fclteci say\u0131s\u0131na yol a\u00e7t\u0131 ve n\u00fcfusun d\u00f6rtte biri ka\u00e7mak zorunda kald\u0131.<\/p>\n\n<h2 class=\"wp-block-heading\">\u00c7ocuklar ve Vatans\u0131zl\u0131k<\/h2>\n\n<p>\u00c7ocuklar d\u00fcnya \u00e7ap\u0131ndaki m\u00fcltecilerin \u00f6nemli bir k\u0131sm\u0131n\u0131 olu\u015fturuyor ve %51&#8217;i 18 ya\u015f\u0131n alt\u0131nda. UNHCR, 75.000 \u00e7ocu\u011fun yeni refakatsiz veya ailelerinden ayr\u0131lm\u0131\u015f durumda oldu\u011funu tahmin ediyor ancak bu say\u0131n\u0131n ger\u00e7ek rakamlardan daha d\u00fc\u015f\u00fck olmas\u0131 muhtemel. UNICEF, bu y\u0131l\u0131n ba\u015flar\u0131nda 2015 ve 2016 y\u0131llar\u0131nda 300.000&#8217;den fazla \u00e7ocu\u011fun tek ba\u015f\u0131na g\u00f6\u00e7 etti\u011fini tahmin etti.<\/p>\n\n<p>On milyon yerinden edilmi\u015f ki\u015fi \u015fu anda vatans\u0131z veya vatans\u0131z kalma riskiyle kar\u015f\u0131 kar\u015f\u0131ya, yani tan\u0131nm\u0131\u015f bir vatanda\u015fl\u0131\u011fa sahip de\u011filler ve temel haklardan ve korumalardan mahrumlar.<\/p>\n\n<h2 class=\"wp-block-heading\">Benzeri G\u00f6r\u00fclmemi\u015f \u0130nsani Maliyet<\/h2>\n\n<p>UNHCR, yerinden edilen ki\u015fi say\u0131s\u0131n\u0131 &#8220;benzeri g\u00f6r\u00fclmemi\u015f&#8221; olarak nitelendirdi ve bu durumun sava\u015f\u0131n ve zulm\u00fcn muazzam insan maliyetinin bir kan\u0131t\u0131 oldu\u011funu ifade etti. Ortalama olarak d\u00fcnya \u00e7ap\u0131nda her 113 ki\u015fiden biri zorla yerinden edilmi\u015f durumda ve bu say\u0131 Birle\u015fik Krall\u0131k n\u00fcfusundan daha fazla.<\/p>\n\n<p>BM M\u00fclteciler Y\u00fcksek Komiseri Filippo Grandi, &#8220;Bu, her t\u00fcrl\u00fc \u00f6l\u00e7\u00fctle kabul edilemez bir say\u0131&#8221; dedi.<\/p>\n\n<h2 class=\"wp-block-heading\">Yerinden Edilmenin Zorluklar\u0131<\/h2>\n\n<p>Yerinden etmenin do\u011fas\u0131, hareket halindeki insan say\u0131s\u0131n\u0131n tam olarak tahmin edilmesini zorla\u015ft\u0131r\u0131yor. Bir\u00e7ok m\u00fclteci ve dahili yerinden edilmi\u015f ki\u015fi (\u0130DK) \u00fccra veya eri\u015filemeyen b\u00f6lgelerde ya\u015f\u0131yor ve hareketleri ak\u0131c\u0131 ve \u00f6ng\u00f6r\u00fclemez olabiliyor.<\/p>\n\n<p>Yerinden edilmenin ki\u015filer \u00fczerinde de derin bir etkisi oluyor. Travma, kay\u0131p ve ailelerinden ve topluluklar\u0131ndan ayr\u0131lma ile kar\u015f\u0131 kar\u015f\u0131ya kalabiliyorlar. Ayr\u0131ca yemek, su, bar\u0131nak ve sa\u011fl\u0131k hizmetleri gibi temel ihtiya\u00e7lara eri\u015fimleri olmayabilir.<\/p>\n\n<h2 class=\"wp-block-heading\">Harekete Ge\u00e7me \u0130htiyac\u0131<\/h2>\n\n<p>Uluslararas\u0131 toplum, k\u00fcresel m\u00fclteci krizini ele almak ve yerinden edilmi\u015f ki\u015filere destek sa\u011flamakla y\u00fck\u00fcml\u00fcd\u00fcr. Bu, insani yard\u0131m sa\u011flamay\u0131, \u00e7at\u0131\u015fmalardan etkilenen b\u00f6lgelerde bar\u0131\u015f ve istikrar\u0131 te\u015fvik etmeyi ve m\u00fcltecilerin ve \u0130DK&#8217;lerin g\u00fcvenlik ve onur i\u00e7inde evlerine d\u00f6nmelerine veya hayatlar\u0131n\u0131 yeniden in\u015fa etmelerine olanak tan\u0131yan uzun vadeli \u00e7\u00f6z\u00fcmler i\u00e7in \u00e7al\u0131\u015fmakt\u0131r.<\/p>","protected":false},"excerpt":{"rendered":"<p>M\u00fclteci Krizi: Yerinden Edilenlerin Say\u0131s\u0131 Rekor Seviyeye Ula\u015ft\u0131 Sava\u015f ve \u00c7at\u0131\u015fmalar Kitlesel Yerinden Etmelere Yol A\u00e7\u0131yor D\u00fcnya \u00e7ap\u0131nda milyonlarca insan, sava\u015flar, \u00e7at\u0131\u015fmalar ve zul\u00fcm nedeniyle evlerini terk etmek zorunda kal\u0131yor.&hellip;<\/p>\n","protected":false},"author":4,"featured_media":23665,"comment_status":"closed","ping_status":"closed","sticky":false,"template":"","format":"standard","meta":{"footnotes":""},"categories":[19161],"tags":[1164,1312,1314,23214,4045],"class_list":["post-17680","post","type-post","status-publish","format-standard","has-post-thumbnail","hentry","category-humanitarian-issues","tag-conflict","tag-displacement","tag-humanitarian-crisis","tag-refugee-crisis","tag-war"],"_links":{"self":[{"href":"https:\/\/www.lifescienceart.com\/tr\/wp-json\/wp\/v2\/posts\/17680","targetHints":{"allow":["GET"]}}],"collection":[{"href":"https:\/\/www.lifescienceart.com\/tr\/wp-json\/wp\/v2\/posts"}],"about":[{"href":"https:\/\/www.lifescienceart.com\/tr\/wp-json\/wp\/v2\/types\/post"}],"author":[{"embeddable":true,"href":"https:\/\/www.lifescienceart.com\/tr\/wp-json\/wp\/v2\/users\/4"}],"replies":[{"embeddable":true,"href":"https:\/\/www.lifescienceart.com\/tr\/wp-json\/wp\/v2\/comments?post=17680"}],"version-history":[{"count":1,"href":"https:\/\/www.lifescienceart.com\/tr\/wp-json\/wp\/v2\/posts\/17680\/revisions"}],"predecessor-version":[{"id":17681,"href":"https:\/\/www.lifescienceart.com\/tr\/wp-json\/wp\/v2\/posts\/17680\/revisions\/17681"}],"wp:featuredmedia":[{"embeddable":true,"href":"https:\/\/www.lifescienceart.com\/tr\/wp-json\/wp\/v2\/media\/23665"}],"wp:attachment":[{"href":"https:\/\/www.lifescienceart.com\/tr\/wp-json\/wp\/v2\/media?parent=17680"}],"wp:term":[{"taxonomy":"category","embeddable":true,"href":"https:\/\/www.lifescienceart.com\/tr\/wp-json\/wp\/v2\/categories?post=17680"},{"taxonomy":"post_tag","embeddable":true,"href":"https:\/\/www.lifescienceart.com\/tr\/wp-json\/wp\/v2\/tags?post=17680"}],"curies":[{"name":"wp","href":"https:\/\/api.w.org\/{rel}","templated":true}]}}