{"id":1851,"date":"2026-08-31T23:55:00","date_gmt":"2026-08-31T23:55:00","guid":{"rendered":"https:\/\/www.lifescienceart.com\/?p=1851"},"modified":"2026-08-31T23:55:00","modified_gmt":"2026-08-31T23:55:00","slug":"tsch-gg-tta-unveiling-the-enigmatic-carnival-tradition-of-switzerland-s-ltschental-valley","status":"publish","type":"post","link":"https:\/\/www.lifescienceart.com\/tr\/art\/folk-art\/tsch-gg-tta-unveiling-the-enigmatic-carnival-tradition-of-switzerland-s-ltschental-valley\/","title":{"rendered":"Tsch\u00e4gg\u00e4tt\u00e4: L\u00f6tchental Vadisi\u2019ndeki Gizemli Karnaval ve Maske Gelene\u011fi"},"content":{"rendered":"<h2 class=\"wp-block-heading\">Tsch\u00e4gg\u00e4tt\u00e4: \u0130svi\u00e7re\u2019nin L\u00f6tchental Vadisi&#8217;ndeki Gizemli Karnaval Gelene\u011fini Ke\u015ffetmek<\/h2>\n\n<h2 class=\"wp-block-heading\">Tarihsel K\u00f6kenler ve Folklor<\/h2>\n\n<p class=\"wp-block-paragraph\">Tsch\u00e4gg\u00e4tt\u00e4, \u0130svi\u00e7re\u2019nin L\u00f6tchental Vadisi\u2019nde ger\u00e7ekle\u015fen benzersiz ve gizemli bir gelenek olup, y\u00fczy\u0131llard\u0131r hem yerel halk\u0131n hem de ziyaret\u00e7ilerin hayal g\u00fcc\u00fcn\u00fc fethetmi\u015ftir. Bu b\u00fcy\u00fcleyici gelene\u011fin k\u00f6kenleri h\u00e2l\u00e2 gizemle \u00f6rt\u00fcl\u00fcd\u00fcr ve ortaya \u00e7\u0131k\u0131\u015f\u0131n\u0131 a\u00e7\u0131klamaya \u00e7al\u0131\u015fan \u00e7e\u015fitli teoriler bulunmaktad\u0131r.<\/p>\n\n<p class=\"wp-block-paragraph\">Pop\u00fcler bir efsane, Tsch\u00e4gg\u00e4tt\u00e4\u2019y\u0131 \u201cSchurten Diebe\u201d adl\u0131 gen\u00e7 adamlar\u0131n bir grubuna ba\u011flar; bu grup, vadideki k\u00f6yl\u00fclerden \u00e7almak i\u00e7in hayvan derileri ve ah\u015fap maskeler takard\u0131. Ba\u015fka bir teori ise, Tsch\u00e4gg\u00e4tt\u00e4\u2019n\u0131n Katolik toplumunun kat\u0131 kurallar\u0131 aras\u0131nda bekar erkeklerin kad\u0131nlarla daha \u00f6zg\u00fcrce etkile\u015fime girmesinin bir yolu olarak ortaya \u00e7\u0131kt\u0131\u011f\u0131n\u0131 \u00f6ne s\u00fcrer.<\/p>\n\n<h2 class=\"wp-block-heading\">Kilise Etkisi<\/h2>\n\n<p class=\"wp-block-paragraph\">Baz\u0131 akademisyenler, Tsch\u00e4gg\u00e4tt\u00e4\u2019n\u0131n 17. ve 18. y\u00fczy\u0131llarda geli\u015fen barok tiyatrodaki \u015feytan fig\u00fcr\u00fcnden evrimle\u015fmi\u015f olabilece\u011fine inan\u0131r. Bu teori, Tsch\u00e4gg\u00e4tt\u00e4\u2019n\u0131n korkutucu g\u00f6r\u00fcn\u00fc\u015f\u00fc ve kimliklerini gizlemek i\u00e7in maskeler kullanmas\u0131yla uyumludur.<\/p>\n\n<h2 class=\"wp-block-heading\">Maskelerin Rol\u00fc<\/h2>\n\n<p class=\"wp-block-paragraph\">Tsch\u00e4gg\u00e4tt\u00e4 gelene\u011finin merkezinde, festivalin ikonik sembollerine d\u00f6n\u00fc\u015fm\u00fc\u015f \u00f6zenle el oyma maskeler yer al\u0131r. \u0130lk ba\u015fta \u00e7\u0131plak ah\u015faptan yap\u0131lan bu maskeler, zamanla boyama ve sanatsal \u00f6\u011felerin eklenmesiyle evrilmi\u015ftir. G\u00fcn\u00fcm\u00fczde, maske yap\u0131m\u0131 sayg\u0131n bir zanaat h\u00e2line gelmi\u015f; yetenekli zanaatkarlar yetenek ve yarat\u0131c\u0131l\u0131klar\u0131n\u0131 sergilemektedir.<\/p>\n\n<h2 class=\"wp-block-heading\">Modern Yans\u0131malar<\/h2>\n\n<p class=\"wp-block-paragraph\">Tsch\u00e4gg\u00e4tt\u00e4 gelene\u011fi k\u00f6klerine b\u00fcy\u00fck \u00f6l\u00e7\u00fcde ba\u011fl\u0131 kalm\u0131\u015f olsa da, modern etkiler de s\u0131zm\u0131\u015ft\u0131r. Baz\u0131 maskeler art\u0131k Marvel\u2019in Venom\u2019u veya Edvard Munch\u2019un \u00c7\u0131\u011fl\u0131\u011f\u0131 gibi pop k\u00fclt\u00fcr referanslar\u0131 i\u00e7ermektedir. Tsch\u00e4gg\u00e4tt\u00e4, Karnaval kutlamalar\u0131 s\u0131ras\u0131nda ge\u00e7it t\u00f6reni, alaylar ve m\u00fczik gruplar\u0131yla da yer al\u0131r.<\/p>\n\n<h2 class=\"wp-block-heading\">Tsch\u00e4gg\u00e4tt\u00e4\u2019y\u0131 Deneyimlemek<\/h2>\n\n<p class=\"wp-block-paragraph\">Ziyaret\u00e7iler i\u00e7in Tsch\u00e4gg\u00e4tt\u00e4\u2019y\u0131 canl\u0131 izleme f\u0131rsatlar\u0131 en \u00e7ok Per\u015fembe gecesi ve \u00c7ar\u015famba \u00f6ncesi Cumartesi \u00f6\u011fleden sonra olur. Per\u015fembe gecesi \u201cvatanda\u015f-canavarlar\u201d Blatten ve Ferden sokaklar\u0131nda ko\u015farken, Cumartesi g\u00fcn\u00fc bir kost\u00fcm yar\u0131\u015fmas\u0131 en etkileyici maskeleri ve k\u00fcrkleri sergiler.<\/p>\n\n<h2 class=\"wp-block-heading\">K\u00fclt\u00fcrel Etki ve \u00d6nemi<\/h2>\n\n<p class=\"wp-block-paragraph\">Tsch\u00e4gg\u00e4tt\u00e4 gelene\u011fi, L\u00f6tchental Vadisi\u2019nin k\u00fclt\u00fcrel kimli\u011fiyle derinlemesine i\u00e7 i\u00e7e ge\u00e7mi\u015ftir. \u0130svi\u00e7re folklorunu, sanat\u0131 ve gelenek ile modernitenin etkile\u015fimini ke\u015ffetmek i\u00e7in benzersiz bir bak\u0131\u015f a\u00e7\u0131s\u0131 sunar. Festival, uluslararas\u0131 ilgi de g\u00f6rm\u00fc\u015f; ziyaret\u00e7iler bu ola\u011fan\u00fcst\u00fc g\u00f6steriyi izlemek i\u00e7in ak\u0131n etmektedir.<\/p>","protected":false},"excerpt":{"rendered":"<p>Tsch\u00e4gg\u00e4tt\u00e4: \u0130svi\u00e7re\u2019nin L\u00f6tchental Vadisi&#8217;ndeki Gizemli Karnaval Gelene\u011fini Ke\u015ffetmek Tarihsel K\u00f6kenler ve Folklor Tsch\u00e4gg\u00e4tt\u00e4, \u0130svi\u00e7re\u2019nin L\u00f6tchental Vadisi\u2019nde ger\u00e7ekle\u015fen benzersiz ve gizemli bir gelenek olup, y\u00fczy\u0131llard\u0131r hem yerel halk\u0131n hem de ziyaret\u00e7ilerin&hellip;<\/p>\n","protected":false},"author":2,"featured_media":25551,"comment_status":"closed","ping_status":"closed","sticky":false,"template":"","format":"standard","meta":{"footnotes":""},"categories":[3669],"tags":[3967,89,3969,3968,3966],"class_list":["post-1851","post","type-post","status-publish","format-standard","has-post-thumbnail","hentry","category-folk-art","tag-carnival","tag-cultural-heritage","tag-mask-art","tag-swiss-folklore","tag-tschaggatta"],"_links":{"self":[{"href":"https:\/\/www.lifescienceart.com\/tr\/wp-json\/wp\/v2\/posts\/1851","targetHints":{"allow":["GET"]}}],"collection":[{"href":"https:\/\/www.lifescienceart.com\/tr\/wp-json\/wp\/v2\/posts"}],"about":[{"href":"https:\/\/www.lifescienceart.com\/tr\/wp-json\/wp\/v2\/types\/post"}],"author":[{"embeddable":true,"href":"https:\/\/www.lifescienceart.com\/tr\/wp-json\/wp\/v2\/users\/2"}],"replies":[{"embeddable":true,"href":"https:\/\/www.lifescienceart.com\/tr\/wp-json\/wp\/v2\/comments?post=1851"}],"version-history":[{"count":2,"href":"https:\/\/www.lifescienceart.com\/tr\/wp-json\/wp\/v2\/posts\/1851\/revisions"}],"predecessor-version":[{"id":25552,"href":"https:\/\/www.lifescienceart.com\/tr\/wp-json\/wp\/v2\/posts\/1851\/revisions\/25552"}],"wp:featuredmedia":[{"embeddable":true,"href":"https:\/\/www.lifescienceart.com\/tr\/wp-json\/wp\/v2\/media\/25551"}],"wp:attachment":[{"href":"https:\/\/www.lifescienceart.com\/tr\/wp-json\/wp\/v2\/media?parent=1851"}],"wp:term":[{"taxonomy":"category","embeddable":true,"href":"https:\/\/www.lifescienceart.com\/tr\/wp-json\/wp\/v2\/categories?post=1851"},{"taxonomy":"post_tag","embeddable":true,"href":"https:\/\/www.lifescienceart.com\/tr\/wp-json\/wp\/v2\/tags?post=1851"}],"curies":[{"name":"wp","href":"https:\/\/api.w.org\/{rel}","templated":true}]}}