{"id":18674,"date":"2021-10-13T02:06:17","date_gmt":"2021-10-13T02:06:17","guid":{"rendered":"https:\/\/www.lifescienceart.com\/?p=18674"},"modified":"2021-10-13T02:06:17","modified_gmt":"2021-10-13T02:06:17","slug":"johannesburg-art-gallery-closed-due-to-leaky-roof-reopening-with-contemporary-african-focus","status":"publish","type":"post","link":"https:\/\/www.lifescienceart.com\/tr\/art\/african-art\/johannesburg-art-gallery-closed-due-to-leaky-roof-reopening-with-contemporary-african-focus\/","title":{"rendered":"S\u0131zd\u0131ran \u00c7at\u0131 Nedeniyle Johannesburg Sanat Galerisi Ge\u00e7ici Olarak Kapand\u0131"},"content":{"rendered":"<h2 class=\"wp-block-heading\">Johannesburg Sanat Galerisi, S\u0131zd\u0131ran \u00c7at\u0131 Nedeniyle Ge\u00e7ici Olarak Kapand\u0131<\/h2>\n\n<h2 class=\"wp-block-heading\">Altyap\u0131 Sorunlar\u0131 Tarihi Galeriyi Rahats\u0131z Ediyor<\/h2>\n\n<p>D\u00fcnyan\u0131n d\u00f6rt bir yan\u0131ndan 9.000&#8217;den fazla sanat eserine ev sahipli\u011fi yapan \u00fcnl\u00fc bir kurum olan Johannesburg Sanat Galerisi, 1989&#8217;dan bu yana binay\u0131 rahats\u0131z eden s\u00fcrekli bir \u00e7at\u0131 s\u0131z\u0131nt\u0131s\u0131 nedeniyle kap\u0131lar\u0131n\u0131 ge\u00e7ici olarak kapatmak zorunda kald\u0131.<\/p>\n\n<p>Son d\u00f6nemde ya\u011fan \u015fiddetli ya\u011fmurlar durumu daha da k\u00f6t\u00fcle\u015ftirerek, kapsaml\u0131 su hasar\u0131na neden oldu ve \u00e7al\u0131\u015fanlar ile ziyaret\u00e7iler i\u00e7in bir g\u00fcvenlik tehlikesi olu\u015fturdu. Bunun sonucunda, galerinin y\u00f6netimi onar\u0131mlar tamamlanana kadar tesisi kapatma konusunda zor bir karar ald\u0131.<\/p>\n\n<h2 class=\"wp-block-heading\">Su Hasar\u0131 ve Sanat\u0131n Korunmas\u0131<\/h2>\n\n<p>S\u0131z\u0131nt\u0131, galerinin altyap\u0131s\u0131nda duvarlarda ve tavanlarda su lekeleri de dahil olmak \u00fczere \u00f6nemli hasara neden oldu. Galeri personeli, sanat eserlerini duvarlardan \u00e7\u0131karmak ve daha fazla hasardan korumak i\u00e7in daha g\u00fcvenli yerlerde saklamak zorunda kald\u0131.<\/p>\n\n<p>Galerinin koleksiyonunda Gerard Sekoto, Jacobus Hendrik Pierneef ve Walter Battiss gibi \u00fcnl\u00fc sanat\u00e7\u0131lar\u0131n eserleri yer al\u0131yor. Kapatma, G\u00fcney Afrika&#8217;n\u0131n k\u00fclt\u00fcrel miras\u0131n\u0131n \u00f6nemli bir par\u00e7as\u0131 olan bu de\u011ferli sanat eserlerinin korunmas\u0131 konusunda endi\u015feleri art\u0131rd\u0131.<\/p>\n\n<h2 class=\"wp-block-heading\">\u0130hmal ve H\u0131rs\u0131zl\u0131k, Altyap\u0131 Sorunlar\u0131na Katk\u0131da Bulunuyor<\/h2>\n\n<p>Belediye meclis \u00fcyesi Nonhlanhla Sifumba&#8217;ya g\u00f6re, galerinin altyap\u0131 sorunlar\u0131 sadece \u00e7at\u0131 s\u0131z\u0131nt\u0131s\u0131ndan kaynaklanm\u0131yor. Y\u0131llar ge\u00e7tik\u00e7e, yap\u0131n\u0131n b\u00fct\u00fcnl\u00fc\u011f\u00fcn\u00fc daha da zay\u0131flatarak bak\u0131r kaplamalar yap\u0131dan \u00e7al\u0131nd\u0131.<\/p>\n\n<p>Sifumba, \u00f6nceki y\u00f6netimi, 2015&#8217;teki y\u00fcz\u00fcnc\u00fc y\u0131l kutlamalar\u0131ndan \u00f6nce bu ama\u00e7 i\u00e7in milyonlarca rand ayr\u0131lmas\u0131na ra\u011fmen, galerinin bak\u0131m\u0131n\u0131 ihmal etmekle su\u00e7lad\u0131.<\/p>\n\n<h2 class=\"wp-block-heading\">Yenilemede \u00c7a\u011fda\u015f Afrika Odakl\u0131<\/h2>\n\n<p>Kapatma, sanat merakl\u0131lar\u0131 i\u00e7in bir aksilik olsa da, galerinin y\u00f6netimi bu f\u0131rsat\u0131 kuruma daha \u00e7a\u011fda\u015f bir Afrika odakl\u0131l\u0131\u011f\u0131 kazand\u0131rmak i\u00e7in kullan\u0131yor. Galeri yeniden a\u00e7\u0131ld\u0131\u011f\u0131nda, Afrika sanat\u0131 ve sanat\u00e7\u0131lar\u0131na daha fazla vurgu yapacak.<\/p>\n\n<p>Bu hareket, galeri misyonu olan Afrika sanat\u0131n\u0131 ve k\u00fclt\u00fcr\u00fcn\u00fc tan\u0131tmak ve kutlamakla uyumludur. Yenilemenin daha geni\u015f bir kitleyi \u00e7ekece\u011fi ve galeriyi yerel topluluk i\u00e7in daha alakal\u0131 hale getirece\u011fi umuluyor.<\/p>\n\n<h2 class=\"wp-block-heading\">Mozambikli Sanat\u00e7\u0131, Yeniden A\u00e7\u0131l\u0131\u015f Sergisinde Yer Alacak<\/h2>\n\n<p>Galeri, May\u0131s ay\u0131nda Mozambikli sanat\u00e7\u0131 \u00c3\u201angela Ferreira&#8217;n\u0131n bir sergisiyle k\u0131smen yeniden a\u00e7\u0131lmay\u0131 planl\u0131yor. Ferreira&#8217;n\u0131n \u00e7al\u0131\u015fmalar\u0131 kimlik, haf\u0131za ve Afrika diasporas\u0131 temalar\u0131n\u0131 ara\u015ft\u0131r\u0131yor.<\/p>\n\n<p>Onun sergisi, galerinin yeniden a\u00e7\u0131l\u0131\u015f\u0131n\u0131 ve \u00e7a\u011fda\u015f Afrika sanat\u0131n\u0131 sergileme konusundaki yenilenen kararl\u0131l\u0131\u011f\u0131n\u0131 kutlamak i\u00e7in uygun bir yol olacak.<\/p>\n\n<h2 class=\"wp-block-heading\">G\u00fcvenlik ve Bak\u0131m Endi\u015feleri<\/h2>\n\n<p>Johannesburg Sanat Galerisi, \u00f6nemli bir k\u00fclt\u00fcrel d\u00f6n\u00fcm noktas\u0131 ve \u015fehir i\u00e7in de\u011ferli bir varl\u0131kt\u0131r. Kapatma, de\u011ferli koleksiyonunun g\u00fcvenli\u011fini ve korunmas\u0131n\u0131 sa\u011flamak i\u00e7in devam eden bak\u0131m ve yat\u0131r\u0131ma olan ihtiyac\u0131 vurgulamaktad\u0131r.<\/p>\n\n<p>Galerinin y\u00f6netimi, onar\u0131mlar\u0131n k\u0131sa s\u00fcre i\u00e7inde tamamlanaca\u011f\u0131 ve galerinin bir kez daha halka a\u00e7\u0131labilece\u011fi umudunu dile getirdi.<\/p>","protected":false},"excerpt":{"rendered":"<p>Johannesburg Sanat Galerisi, S\u0131zd\u0131ran \u00c7at\u0131 Nedeniyle Ge\u00e7ici Olarak Kapand\u0131 Altyap\u0131 Sorunlar\u0131 Tarihi Galeriyi Rahats\u0131z Ediyor D\u00fcnyan\u0131n d\u00f6rt bir yan\u0131ndan 9.000&#8217;den fazla sanat eserine ev sahipli\u011fi yapan \u00fcnl\u00fc bir kurum olan&hellip;<\/p>\n","protected":false},"author":3,"featured_media":0,"comment_status":"closed","ping_status":"","sticky":false,"template":"","format":"standard","meta":{"footnotes":""},"categories":[4705],"tags":[22925,24367,24365,24364,89,24366,16721],"class_list":["post-18674","post","type-post","status-publish","format-standard","hentry","category-african-art","tag-african-diaspora","tag-angela-ferreira","tag-contemporary-african-art","tag-johannesburg-art-gallery","tag-cultural-heritage","tag-mozambican-artist","tag-art-and-culture"],"_links":{"self":[{"href":"https:\/\/www.lifescienceart.com\/tr\/wp-json\/wp\/v2\/posts\/18674","targetHints":{"allow":["GET"]}}],"collection":[{"href":"https:\/\/www.lifescienceart.com\/tr\/wp-json\/wp\/v2\/posts"}],"about":[{"href":"https:\/\/www.lifescienceart.com\/tr\/wp-json\/wp\/v2\/types\/post"}],"author":[{"embeddable":true,"href":"https:\/\/www.lifescienceart.com\/tr\/wp-json\/wp\/v2\/users\/3"}],"replies":[{"embeddable":true,"href":"https:\/\/www.lifescienceart.com\/tr\/wp-json\/wp\/v2\/comments?post=18674"}],"version-history":[{"count":1,"href":"https:\/\/www.lifescienceart.com\/tr\/wp-json\/wp\/v2\/posts\/18674\/revisions"}],"predecessor-version":[{"id":18675,"href":"https:\/\/www.lifescienceart.com\/tr\/wp-json\/wp\/v2\/posts\/18674\/revisions\/18675"}],"wp:attachment":[{"href":"https:\/\/www.lifescienceart.com\/tr\/wp-json\/wp\/v2\/media?parent=18674"}],"wp:term":[{"taxonomy":"category","embeddable":true,"href":"https:\/\/www.lifescienceart.com\/tr\/wp-json\/wp\/v2\/categories?post=18674"},{"taxonomy":"post_tag","embeddable":true,"href":"https:\/\/www.lifescienceart.com\/tr\/wp-json\/wp\/v2\/tags?post=18674"}],"curies":[{"name":"wp","href":"https:\/\/api.w.org\/{rel}","templated":true}]}}