{"id":2265,"date":"2020-07-09T06:31:47","date_gmt":"2020-07-09T06:31:47","guid":{"rendered":"https:\/\/www.lifescienceart.com\/?p=2265"},"modified":"2020-07-09T06:31:47","modified_gmt":"2020-07-09T06:31:47","slug":"lost-italian-village-curon-resurfaces-after-70-years","status":"publish","type":"post","link":"https:\/\/www.lifescienceart.com\/tr\/life\/history\/lost-italian-village-curon-resurfaces-after-70-years\/","title":{"rendered":"Sular Alt\u0131nda Kalm\u0131\u015f \u0130talyan K\u00f6y\u00fc 70 Y\u0131l Sonra Yeniden Ortaya \u00c7\u0131kt\u0131: Curon&#8217;un Kay\u0131p K\u00f6y\u00fc"},"content":{"rendered":"<h2 class=\"wp-block-heading\">70 Y\u0131l\u0131n Ard\u0131ndan Sular Alt\u0131nda Kalan \u0130talyan K\u00f6y\u00fc Yeniden Y\u00fcz\u00fcne \u00c7\u0131kt\u0131<\/h2>\n\n<h2 class=\"wp-block-heading\">Kay\u0131p Curon K\u00f6y\u00fc<\/h2>\n\n<p>\u0130talya, Avusturya ve \u0130svi\u00e7re&#8217;nin bulu\u015ftu\u011fu G\u00fcney Tirol&#8217;\u00fcn da\u011fl\u0131k b\u00f6lgesinde, tarihi Alpler kasabas\u0131 Curon yer almaktad\u0131r. Bir zamanlar geli\u015fen bir topluluk olan Curon, 1950 y\u0131l\u0131nda yak\u0131ndaki bir hidroelektrik santrali i\u00e7in yapay bir g\u00f6l olu\u015fturmak \u00fczere Resia G\u00f6l\u00fc&#8217;n\u00fcn sular\u0131 alt\u0131nda kald\u0131.<\/p>\n\n<p>Yedi on y\u0131l boyunca, kay\u0131p k\u00f6y\u00fcn tek g\u00f6r\u00fcnen kal\u0131nt\u0131s\u0131, g\u00f6l\u00fcn derinliklerinden \u00fcrk\u00fct\u00fcc\u00fc bir \u015fekilde d\u0131\u015far\u0131 \u00e7\u0131kan 14. y\u00fczy\u0131ldan kalma bir \u00e7an kulesiydi. Ancak dikkat \u00e7ekici bir olaylar dizisinde, in\u015faat \u00e7al\u0131\u015fmalar\u0131 72 fit derinli\u011findeki g\u00f6l\u00fcn bir k\u0131sm\u0131n\u0131 ge\u00e7ici olarak bo\u015faltt\u0131 ve Curon&#8217;un temellerini bat\u0131\u015f\u0131ndan bu yana ilk kez ortaya \u00e7\u0131kard\u0131.<\/p>\n\n<h2 class=\"wp-block-heading\">Ge\u00e7mi\u015fe Bir Bak\u0131\u015f<\/h2>\n\n<p>Curon&#8217;un ortaya \u00e7\u0131kan kal\u0131nt\u0131lar\u0131 ge\u00e7mi\u015fe \u00fcrk\u00fct\u00fcc\u00fc bir bak\u0131\u015f sa\u011flad\u0131. Sosyal medya kullan\u0131c\u0131lar\u0131, kasaban\u0131n ta\u015f basamaklar\u0131, mahzenleri, a\u015f\u0131nm\u0131\u015f kemerleri ve di\u011fer mimari \u00f6zelliklerinin \u00fcrk\u00fct\u00fcc\u00fc g\u00f6r\u00fcnt\u00fclerini payla\u015ft\u0131. Bu ge\u00e7ici kurakl\u0131k d\u00f6nemi, bir zamanlar canl\u0131 bir toplulu\u011fun kal\u0131nt\u0131lar\u0131n\u0131 ke\u015ffetmek i\u00e7in e\u015fsiz bir f\u0131rsat sundu.<\/p>\n\n<h2 class=\"wp-block-heading\">Bir Yerinden Etme Tarihi<\/h2>\n\n<p>Curon&#8217;u sular alt\u0131nda b\u0131rakma karar\u0131 tart\u0131\u015fmal\u0131 bir karard\u0131. \u00c7o\u011funlukla Almanca konu\u015fan k\u00f6yl\u00fcler, yaln\u0131zca \u0130talyanca a\u00e7\u0131klanan \u0130talyan h\u00fck\u00fcmetinin planlar\u0131n\u0131 anlamakta g\u00fc\u00e7l\u00fck \u00e7ektiler. G\u00f6l\u00fcn in\u015fas\u0131 ilerledik\u00e7e, yakla\u015f\u0131k 1.000 ki\u015fi evlerinden edildi.<\/p>\n\n<p>Yerinden edilen k\u00f6yl\u00fclerin \u00e7o\u011fu yak\u0131ndaki Curon Venosta kasabas\u0131na ta\u015f\u0131nd\u0131. Ancak kasaba n\u00fcfusunun yakla\u015f\u0131k yar\u0131s\u0131, evlerini kaybettikleri i\u00e7in g\u00f6\u00e7 etmek zorunda kald\u0131. Curon&#8217;un hikayesi, \u0130talya&#8217;da hidroelektrik projelerinin in\u015fas\u0131na e\u015flik eden yerinden edilme ve k\u00fclt\u00fcrel kayb\u0131n bir sembol\u00fc haline geldi.<\/p>\n\n<h2 class=\"wp-block-heading\">Edebi ve Sinematografik Bir \u0130lham<\/h2>\n\n<p>Sualt\u0131 k\u00f6y\u00fcn\u00fcn \u00fcrk\u00fct\u00fcc\u00fc g\u00fczelli\u011fi, say\u0131s\u0131z sanat ve edebiyat eserine ilham kayna\u011f\u0131 oldu. \u0130talyan yazar Marco Balzano&#8217;nun 2018 tarihli roman\u0131 &#8220;Resto Qui&#8221; ve Netflix&#8217;in 2020 tarihli gerilim dizisi &#8220;Curon&#8221;, kay\u0131p k\u00f6y\u00fcn kal\u0131c\u0131 miras\u0131n\u0131 ara\u015ft\u0131r\u0131yor.<\/p>\n\n<p>Balzano&#8217;nun roman\u0131, \u0130talya&#8217;n\u0131n II. D\u00fcnya Sava\u015f\u0131 sonras\u0131 d\u00f6nemde kar\u015f\u0131la\u015ft\u0131\u011f\u0131 zor zamanlar\u0131n bir hat\u0131rlat\u0131c\u0131s\u0131 olan Curon&#8217;un &#8220;sorunlu haf\u0131zas\u0131&#8221; \u00fczerine d\u00fc\u015f\u00fcn\u00fcyor. Netflix dizisi, k\u00f6y\u00fcn sular alt\u0131nda kalm\u0131\u015f kal\u0131nt\u0131lar\u0131 etraf\u0131nda do\u011fa\u00fcst\u00fc bir hikaye \u00f6r\u00fcyor ve onlar\u0131n b\u00fcy\u00fclemek ve ilham vermek i\u00e7in sahip olduklar\u0131 kal\u0131c\u0131 g\u00fcc\u00fc vurguluyor.<\/p>\n\n<h2 class=\"wp-block-heading\">Bir Turistik Yer<\/h2>\n\n<p>Son y\u0131llarda Curon&#8217;un \u00e7an kulesi pop\u00fcler bir turistik yer haline geldi. G\u00f6l k\u0131\u015f\u0131n dondu\u011funda ziyaret\u00e7iler yukar\u0131 \u00e7\u0131k\u0131p tarihi yap\u0131ya dokunabiliyorlar. Sular alt\u0131nda kalm\u0131\u015f k\u00f6y\u00fcn \u00fcrk\u00fct\u00fcc\u00fc g\u00fczelli\u011fi, benzersiz ve \u00fcrk\u00fct\u00fcc\u00fc atmosferini deneyimlemek isteyen d\u00fcnyan\u0131n her yerinden turistleri kendine \u00e7ekiyor.<\/p>\n\n<h2 class=\"wp-block-heading\">Di\u011fer Tarihi Kal\u0131nt\u0131lar<\/h2>\n\n<p>Curon&#8217;un \u00f6tesinde, G\u00fcney Tirol b\u00f6lgesi 20. y\u00fczy\u0131l tarihinin di\u011fer tuhaf kal\u0131nt\u0131lar\u0131na ev sahipli\u011fi yapmaktad\u0131r. I. D\u00fcnya Sava\u015f\u0131 s\u0131ras\u0131nda \u0130talyan ve Avusturya-Macar birlikleri, b\u00f6lgenin da\u011f ge\u00e7itlerinde y\u00fcksek irtifalarda tehlikeli sava\u015flar yapt\u0131lar. G\u00fcn\u00fcm\u00fczde turistler hala b\u00f6lge genelinde da\u011f\u0131n\u0131k halde terk edilmi\u015f teleferik par\u00e7alar\u0131, k\u00f6pr\u00fcler ve u\u00e7urum kenar\u0131ndaki \u00fcsler bulabiliyor ve bunlar b\u00f6lgenin \u00e7alkant\u0131l\u0131 ge\u00e7mi\u015fine tan\u0131kl\u0131k ediyor.<\/p>\n\n<h2 class=\"wp-block-heading\">Sonu\u00e7<\/h2>\n\n<p>Curon&#8217;un ge\u00e7ici olarak yeniden ortaya \u00e7\u0131kmas\u0131, kay\u0131p bir d\u00fcnyaya bir bak\u0131\u015f, ilerlemenin insani maliyetinin ve haf\u0131zan\u0131n kal\u0131c\u0131 g\u00fcc\u00fcn\u00fcn bir hat\u0131rlat\u0131c\u0131s\u0131 sunuyor. Sualt\u0131 k\u00f6y\u00fcn\u00fcn \u00fcrk\u00fct\u00fcc\u00fc g\u00fczelli\u011fi, hem ger\u00e7ekte hem de sanat ve edebiyat alan\u0131nda ilham vermeye ve b\u00fcy\u00fclemeye devam ediyor.<\/p>","protected":false},"excerpt":{"rendered":"<p>70 Y\u0131l\u0131n Ard\u0131ndan Sular Alt\u0131nda Kalan \u0130talyan K\u00f6y\u00fc Yeniden Y\u00fcz\u00fcne \u00c7\u0131kt\u0131 Kay\u0131p Curon K\u00f6y\u00fc \u0130talya, Avusturya ve \u0130svi\u00e7re&#8217;nin bulu\u015ftu\u011fu G\u00fcney Tirol&#8217;\u00fcn da\u011fl\u0131k b\u00f6lgesinde, tarihi Alpler kasabas\u0131 Curon yer almaktad\u0131r. Bir&hellip;<\/p>\n","protected":false},"author":4,"featured_media":0,"comment_status":"closed","ping_status":"","sticky":false,"template":"","format":"standard","meta":{"footnotes":""},"categories":[767],"tags":[4693,4695,4694,99],"class_list":["post-2265","post","type-post","status-publish","format-standard","hentry","category-history","tag-lost-villages","tag-submerged-treasures","tag-historical-mysteries","tag-lifescienceart"],"_links":{"self":[{"href":"https:\/\/www.lifescienceart.com\/tr\/wp-json\/wp\/v2\/posts\/2265","targetHints":{"allow":["GET"]}}],"collection":[{"href":"https:\/\/www.lifescienceart.com\/tr\/wp-json\/wp\/v2\/posts"}],"about":[{"href":"https:\/\/www.lifescienceart.com\/tr\/wp-json\/wp\/v2\/types\/post"}],"author":[{"embeddable":true,"href":"https:\/\/www.lifescienceart.com\/tr\/wp-json\/wp\/v2\/users\/4"}],"replies":[{"embeddable":true,"href":"https:\/\/www.lifescienceart.com\/tr\/wp-json\/wp\/v2\/comments?post=2265"}],"version-history":[{"count":1,"href":"https:\/\/www.lifescienceart.com\/tr\/wp-json\/wp\/v2\/posts\/2265\/revisions"}],"predecessor-version":[{"id":2266,"href":"https:\/\/www.lifescienceart.com\/tr\/wp-json\/wp\/v2\/posts\/2265\/revisions\/2266"}],"wp:attachment":[{"href":"https:\/\/www.lifescienceart.com\/tr\/wp-json\/wp\/v2\/media?parent=2265"}],"wp:term":[{"taxonomy":"category","embeddable":true,"href":"https:\/\/www.lifescienceart.com\/tr\/wp-json\/wp\/v2\/categories?post=2265"},{"taxonomy":"post_tag","embeddable":true,"href":"https:\/\/www.lifescienceart.com\/tr\/wp-json\/wp\/v2\/tags?post=2265"}],"curies":[{"name":"wp","href":"https:\/\/api.w.org\/{rel}","templated":true}]}}