{"id":335,"date":"2020-12-14T08:53:37","date_gmt":"2020-12-14T08:53:37","guid":{"rendered":"https:\/\/www.lifescienceart.com\/tr\/?p=335"},"modified":"2020-12-14T08:53:37","modified_gmt":"2020-12-14T08:53:37","slug":"george-iii-statue-symbol-revolution-debate","status":"publish","type":"post","link":"https:\/\/www.lifescienceart.com\/tr\/uncategorized\/george-iii-statue-symbol-revolution-debate\/","title":{"rendered":"An\u0131tlar: Anma ve Tart\u0131\u015fma"},"content":{"rendered":"<h2 class=\"wp-block-heading\">An\u0131tlar: Anma ve Tart\u0131\u015fma<\/h2>\n\n<h2 class=\"wp-block-heading\">George III Heykeli: Devrim ve Tart\u0131\u015fman\u0131n Bir Sembol\u00fc<\/h2>\n\n<p>1776 y\u0131l\u0131nda New York City&#8217;deki s\u00f6m\u00fcrgeciler, Kral George III&#8217;\u00fcn bir heykelini y\u0131karak an\u0131tlar\u0131n tarihi anmada oynad\u0131\u011f\u0131 rol \u00fczerine bir tart\u0131\u015fma ba\u015flatt\u0131lar. Bug\u00fcn, heykelin par\u00e7alar\u0131 New-York Tarih Derne\u011fi&#8217;nde sergileniyor ve ziyaret\u00e7ileri kamusal an\u0131tlar konusundaki s\u00fcregelen tart\u0131\u015fmay\u0131 d\u00fc\u015f\u00fcnmeye davet ediyor.<\/p>\n\n<h2 class=\"wp-block-heading\">Heykelin Y\u0131k\u0131lmas\u0131<\/h2>\n\n<p>George III&#8217;\u00fcn atl\u0131 heykeli, 1770 y\u0131l\u0131nda Bowling Green&#8217;de \u0130ngiliz y\u00f6netiminin bir sembol\u00fc olarak dikildi. Ancak s\u00f6m\u00fcrgeler ile B\u00fcy\u00fck Britanya aras\u0131ndaki gerilimler artt\u0131k\u00e7a heykel bir protesto hedefi haline geldi. Temmuz 1776&#8217;da, Ba\u011f\u0131ms\u0131zl\u0131k Bildirgesi K\u0131ta birliklerine okunduktan sadece birka\u00e7 saat sonra, baltalar ve \u00e7eki\u00e7lerle silahlanm\u0131\u015f bir isyanc\u0131 kalabal\u0131\u011f\u0131 an\u0131t\u0131 y\u0131kt\u0131.<\/p>\n\n<h2 class=\"wp-block-heading\">Heykelin \u00d6nemi<\/h2>\n\n<p>George III heykelinin y\u0131k\u0131lmas\u0131, \u0130ngiliz otoritesine kar\u015f\u0131 sembolik bir meydan okuma eylemiydi. S\u00f6m\u00fcrgecilerin ba\u011f\u0131ms\u0131zl\u0131k arzusunu ve monar\u015fiyi reddetmelerini temsil ediyordu. Heykelin y\u0131k\u0131lmas\u0131 ayn\u0131 zamanda Amerikan Devrimi&#8217;nde bir d\u00f6n\u00fcm noktas\u0131 oldu, \u00e7\u00fcnk\u00fc New York City halk\u0131 aras\u0131nda ba\u011f\u0131ms\u0131zl\u0131\u011fa y\u00f6nelik deste\u011fin artt\u0131\u011f\u0131n\u0131 g\u00f6sterdi.<\/p>\n\n<h2 class=\"wp-block-heading\">An\u0131tlar \u00dczerine Tart\u0131\u015fma<\/h2>\n\n<p>Son y\u0131llarda Amerikan toplumunda an\u0131tlar\u0131n rol\u00fc konusunda yeni bir tart\u0131\u015fma ba\u015flad\u0131. Baz\u0131lar\u0131, Konfederasyon generalleri gibi tart\u0131\u015fmal\u0131 \u015fah\u0131slara ait an\u0131tlar\u0131n kamusal alanlardan kald\u0131r\u0131lmas\u0131 gerekti\u011fini savunuyor. Di\u011ferleri ise bu an\u0131tlar\u0131n ge\u00e7mi\u015fin \u00f6nemli hat\u0131rlat\u0131c\u0131lar\u0131 oldu\u011funa ve korunmas\u0131 gerekti\u011fine inan\u0131yor.<\/p>\n\n<p>An\u0131tlar konusundaki tart\u0131\u015fma, tarih, haf\u0131za ve kamusal sanat\u0131n rol\u00fc hakk\u0131nda karma\u015f\u0131k sorular\u0131 g\u00fcndeme getiriyor. Bu, \u00f6n\u00fcm\u00fczdeki y\u0131llarda da devam edecek bir tart\u0131\u015fma.<\/p>\n\n<h2 class=\"wp-block-heading\">George III Heykeli Bug\u00fcn<\/h2>\n\n<p>Bug\u00fcn, George III heykelinin par\u00e7alar\u0131 New-York Tarih Derne\u011fi&#8217;nde sergileniyor. Heykelin kal\u0131nt\u0131lar\u0131, Amerikan Devrimi&#8217;nin ve an\u0131tlar hakk\u0131ndaki tart\u0131\u015fman\u0131n g\u00fc\u00e7l\u00fc bir hat\u0131rlat\u0131c\u0131s\u0131d\u0131r. Sergide ayr\u0131ca heykele ait di\u011fer eserler de yer al\u0131yor; Devrim k\u0131\u015flalar\u0131ndan \u00e7\u0131kar\u0131lan t\u00fcfek mermileri ve k\u00f6lelik kar\u015f\u0131t\u0131 lider Sojourner Truth&#8217;un \u00f6nerilen bir heykeli i\u00e7in bir maket gibi.<\/p>\n\n<h2 class=\"wp-block-heading\">An\u0131tlar\u0131n Gelece\u011fi<\/h2>\n\n<p>Amerika Birle\u015fik Devletleri&#8217;ndeki an\u0131tlar\u0131n gelece\u011fi belirsiz. Ancak an\u0131tlar konusundaki tart\u0131\u015fman\u0131n, \u00fclke karma\u015f\u0131k tarihiyle ve kamusal sanat\u0131n ulusal kimli\u011fi \u015fekillendirmedeki rol\u00fcyle y\u00fczle\u015ftik\u00e7e devam etmesi bekleniyor.<\/p>\n\n<h2 class=\"wp-block-heading\">Etkile\u015fimli Deneyim<\/h2>\n\n<p>New-York Tarih Derne\u011fi&#8217;nin an\u0131tlar sergisi, ziyaret\u00e7ileri anma imgelerinde tarihsel olarak yeterince temsil edilmeyen ki\u015filere yeni an\u0131tlar hayal etmeye te\u015fvik eden etkile\u015fimli bir deneyim i\u00e7eriyor. Bu deneyim, ziyaret\u00e7ilerin an\u0131tlar\u0131n tarih anlay\u0131\u015f\u0131m\u0131z\u0131 nas\u0131l \u015fekillendirdi\u011fini d\u00fc\u015f\u00fcnmelerine ve daha kapsay\u0131c\u0131 bir gelecek \u00f6ng\u00f6rmelerine olanak tan\u0131yor.<\/p>\n\n<h2 class=\"wp-block-heading\">Ek Uzun Kuyruklu Anahtar Kelimeler:<\/h2>\n\n<ul class=\"wp-block-list\">\n<li>George III heykelinin miras\u0131<\/li>\n<li>Amerikan tarihinde an\u0131tlar\u0131n rol\u00fc<\/li>\n<li>Konfederasyon an\u0131tlar\u0131n\u0131n kald\u0131r\u0131lmas\u0131 tart\u0131\u015fmas\u0131<\/li>\n<li>Kamusal an\u0131tlarda \u00e7e\u015fitlilik ve temsilin \u00f6nemi<\/li>\n<li>Amerika Birle\u015fik Devletleri&#8217;nde an\u0131tlar\u0131n gelece\u011fi<\/li>\n<\/ul>","protected":false},"excerpt":{"rendered":"<p>An\u0131tlar: Anma ve Tart\u0131\u015fma George III Heykeli: Devrim ve Tart\u0131\u015fman\u0131n Bir Sembol\u00fc 1776 y\u0131l\u0131nda New York City&#8217;deki s\u00f6m\u00fcrgeciler, Kral George III&#8217;\u00fcn bir heykelini y\u0131karak an\u0131tlar\u0131n tarihi anmada oynad\u0131\u011f\u0131 rol \u00fczerine&hellip;<\/p>\n","protected":false},"author":1,"featured_media":0,"comment_status":"closed","ping_status":"closed","sticky":false,"template":"","format":"standard","meta":{"footnotes":""},"categories":[1],"tags":[885,19,882,884,883,886,10],"class_list":["post-335","post","type-post","status-publish","format-standard","hentry","category-uncategorized","tag-american-revolution","tag-american-history","tag-monuments","tag-george-iii","tag-public-art","tag-new-york-city","tag-controversy"],"_links":{"self":[{"href":"https:\/\/www.lifescienceart.com\/tr\/wp-json\/wp\/v2\/posts\/335","targetHints":{"allow":["GET"]}}],"collection":[{"href":"https:\/\/www.lifescienceart.com\/tr\/wp-json\/wp\/v2\/posts"}],"about":[{"href":"https:\/\/www.lifescienceart.com\/tr\/wp-json\/wp\/v2\/types\/post"}],"author":[{"embeddable":true,"href":"https:\/\/www.lifescienceart.com\/tr\/wp-json\/wp\/v2\/users\/1"}],"replies":[{"embeddable":true,"href":"https:\/\/www.lifescienceart.com\/tr\/wp-json\/wp\/v2\/comments?post=335"}],"version-history":[{"count":1,"href":"https:\/\/www.lifescienceart.com\/tr\/wp-json\/wp\/v2\/posts\/335\/revisions"}],"predecessor-version":[{"id":336,"href":"https:\/\/www.lifescienceart.com\/tr\/wp-json\/wp\/v2\/posts\/335\/revisions\/336"}],"wp:attachment":[{"href":"https:\/\/www.lifescienceart.com\/tr\/wp-json\/wp\/v2\/media?parent=335"}],"wp:term":[{"taxonomy":"category","embeddable":true,"href":"https:\/\/www.lifescienceart.com\/tr\/wp-json\/wp\/v2\/categories?post=335"},{"taxonomy":"post_tag","embeddable":true,"href":"https:\/\/www.lifescienceart.com\/tr\/wp-json\/wp\/v2\/tags?post=335"}],"curies":[{"name":"wp","href":"https:\/\/api.w.org\/{rel}","templated":true}]}}