{"id":3953,"date":"2022-02-06T04:53:58","date_gmt":"2022-02-06T04:53:58","guid":{"rendered":"https:\/\/www.lifescienceart.com\/?p=3953"},"modified":"2022-02-06T04:53:58","modified_gmt":"2022-02-06T04:53:58","slug":"sudden-aspen-decline-a-case-study-in-the-impact-of-drought-on-forest-health","status":"publish","type":"post","link":"https:\/\/www.lifescienceart.com\/tr\/science\/ecology\/sudden-aspen-decline-a-case-study-in-the-impact-of-drought-on-forest-health\/","title":{"rendered":"Ani Aspen A\u011fac\u0131 \u00c7\u00f6k\u00fc\u015f\u00fc: Kurakl\u0131\u011f\u0131n Orman Sa\u011fl\u0131\u011f\u0131na Etkisi"},"content":{"rendered":"<h2 class=\"wp-block-heading\">Ani Aspen A\u011fac\u0131 \u00c7\u00f6k\u00fc\u015f\u00fc: Kurakl\u0131\u011f\u0131n Orman Sa\u011fl\u0131\u011f\u0131na Etkisine \u0130li\u015fkin Bir Vaka \u00c7al\u0131\u015fmas\u0131<\/h2>\n\n<h2 class=\"wp-block-heading\">Ani Aspen A\u011fac\u0131 \u00c7\u00f6k\u00fc\u015f\u00fc Nedir?<\/h2>\n\n<p>Ani aspen a\u011fac\u0131 \u00e7\u00f6k\u00fc\u015f\u00fc (AACC), 2000&#8217;li y\u0131llar\u0131n ba\u015f\u0131ndan beri Amerika Birle\u015fik Devletleri&#8217;nin bat\u0131s\u0131ndaki titrek kavak a\u011fa\u00e7lar\u0131n\u0131 etkileyen bir olgudur. Genellikle geni\u015f alanlarda titrek kavak a\u011fa\u00e7lar\u0131n\u0131n h\u0131zla \u00f6lmesiyle karakterizedir.<\/p>\n\n<h2 class=\"wp-block-heading\">Ani Aspen A\u011fac\u0131 \u00c7\u00f6k\u00fc\u015f\u00fcn\u00fcn Belirtileri<\/h2>\n\n<p>AACC&#8217;nin belirtileri \u015funlard\u0131r:<\/p>\n\n<ul class=\"wp-block-list\">\n<li>Yapraklar\u0131n sararmas\u0131 ve d\u00f6k\u00fclmesi<\/li>\n<li>Kanopinin incelmesi<\/li>\n<li>Dallarda geriye do\u011fru \u00f6l\u00fcm<\/li>\n<li>T\u00fcm a\u011fac\u0131n \u00f6l\u00fcm\u00fc<\/li>\n<\/ul>\n\n<h2 class=\"wp-block-heading\">Ani Aspen A\u011fac\u0131 \u00c7\u00f6k\u00fc\u015f\u00fcn\u00fcn Nedenleri<\/h2>\n\n<p>Ba\u015flang\u0131\u00e7ta bilim insanlar\u0131, b\u00fcy\u00fck olas\u0131l\u0131kla iklim de\u011fi\u015fikli\u011finden kaynaklanan a\u015f\u0131r\u0131 kurakl\u0131k ve y\u00fcksek s\u0131cakl\u0131klar\u0131n a\u011fa\u00e7lar\u0131 zay\u0131flatt\u0131\u011f\u0131ndan ve AACC&#8217;ye kar\u015f\u0131 daha duyarl\u0131 hale getirdi\u011finden \u015f\u00fcpheleniyorlard\u0131. Ancak yak\u0131n zamanda yap\u0131lan bir ara\u015ft\u0131rma, titrek kavak \u00f6l\u00fcmlerinin birincil nedeninin yiyecek de\u011fil, su eksikli\u011fi oldu\u011funu buldu.<\/p>\n\n<h2 class=\"wp-block-heading\">Ani Aspen A\u011fac\u0131 \u00c7\u00f6k\u00fc\u015f\u00fcn\u00fcn \u00c7evresel Etkisi<\/h2>\n\n<p>Titrek kavak a\u011fa\u00e7lar\u0131, Amerika Birle\u015fik Devletleri&#8217;nin bat\u0131s\u0131ndaki ekosistemin \u00f6nemli bir par\u00e7as\u0131d\u0131r. Vah\u015fi ya\u015fam i\u00e7in yiyecek ve ya\u015fam alan\u0131 sa\u011flar, topra\u011f\u0131 stabilize etmeye yard\u0131mc\u0131 olur ve su ak\u0131\u015f\u0131n\u0131 d\u00fczenler. Titrek kavak a\u011fa\u00e7lar\u0131n\u0131n yok olmas\u0131, t\u00fcm ekosistem \u00fczerinde bir dalga etkisi yaratabilir.<\/p>\n\n<h2 class=\"wp-block-heading\">Ani Aspen A\u011fac\u0131 \u00c7\u00f6k\u00fc\u015f\u00fcn\u00fc Nas\u0131l \u00d6nleyebiliriz?<\/h2>\n\n<p>AACC i\u00e7in bilinen bir tedavi yoktur, ancak bunu \u00f6nlemeye yard\u0131mc\u0131 olmak i\u00e7in yap\u0131labilecek baz\u0131 \u015feyler vard\u0131r. Bunlar \u015funlar\u0131 i\u00e7erir:<\/p>\n\n<ul class=\"wp-block-list\">\n<li>Titrek kavak a\u011fa\u00e7lar\u0131n\u0131 yeterli nemli alanlara dikerek su stresini azaltmak<\/li>\n<li>Su ve besinler i\u00e7in rekabeti azaltmak \u00fczere titrek kavak gruplar\u0131n\u0131 seyreltmek<\/li>\n<li>Titrek kavak a\u011fa\u00e7lar\u0131n\u0131 zay\u0131flatabilen ha\u015fere ve hastal\u0131klar\u0131 kontrol etmek<\/li>\n<\/ul>\n\n<h2 class=\"wp-block-heading\">\u0130klim De\u011fi\u015fikli\u011finin Ani Aspen A\u011fac\u0131 \u00c7\u00f6k\u00fc\u015f\u00fcndeki Rol\u00fc<\/h2>\n\n<p>\u0130klim de\u011fi\u015fikli\u011fi, b\u00fcy\u00fck olas\u0131l\u0131kla Amerika Birle\u015fik Devletleri&#8217;nin bat\u0131s\u0131nda kurakl\u0131klar\u0131n s\u0131kl\u0131\u011f\u0131n\u0131 ve \u015fiddetini art\u0131rarak AACC&#8217;de rol oynamaktad\u0131r. \u0130klim de\u011fi\u015fmeye devam ettik\u00e7e, AACC&#8217;nin daha yayg\u0131n hale gelmesi beklenmektedir.<\/p>\n\n<h2 class=\"wp-block-heading\">Amerikan Bat\u0131s\u0131nda Aspen&#8217;in Gelece\u011fi<\/h2>\n\n<p>Amerikan Bat\u0131s\u0131nda aspen&#8217;in gelece\u011fi belirsizdir. Kurakl\u0131klar s\u0131kl\u0131kla\u015fmaya ve \u015fiddetlenmeye devam ederse, AACC&#8217;nin daha yayg\u0131nla\u015fmas\u0131 muhtemeldir. Bunun b\u00f6lgenin ekosistemi ve ekonomisi \u00fczerinde \u00f6nemli bir etkisi olabilir.<\/p>\n\n<h2 class=\"wp-block-heading\">Ek Bilgiler<\/h2>\n\n<ul class=\"wp-block-list\">\n<li>Ani aspen a\u011fac\u0131 \u00e7\u00f6k\u00fc\u015f\u00fc, Kanada ve Avrupa da dahil olmak \u00fczere di\u011fer b\u00f6lgelerdeki aspen a\u011fa\u00e7lar\u0131n\u0131 da etkilemektedir.<\/li>\n<li>Su k\u0131tl\u0131\u011f\u0131 genel olarak a\u011fa\u00e7 sa\u011fl\u0131\u011f\u0131 i\u00e7in \u00f6nemli bir tehdittir.<\/li>\n<li>Kurakl\u0131k stresi a\u011fa\u00e7lar\u0131n yapraklar\u0131n\u0131 d\u00f6kmesine ve \u00f6lmesine neden olabilir.<\/li>\n<li>A\u011fa\u00e7lar i\u00e7in suyun \u00f6nemi yeterince vurgulanamaz.<\/li>\n<li>Suyun iletilmesindeki hava kabarc\u0131klar\u0131n\u0131n etkisi a\u011fa\u00e7lar i\u00e7in y\u0131k\u0131c\u0131 olabilir.<\/li>\n<li>K\u00f6klerin a\u011fa\u00e7 sa\u011fl\u0131\u011f\u0131ndaki rol\u00fc \u00e7ok \u00f6nemlidir.<\/li>\n<li>Zay\u0131flam\u0131\u015f a\u011fa\u00e7lar\u0131n b\u00f6cekler ve mantar enfeksiyonlar\u0131 gibi di\u011fer tehditlere kar\u015f\u0131 savunmas\u0131zl\u0131\u011f\u0131 \u00f6nemli bir endi\u015fe kayna\u011f\u0131d\u0131r.<\/li>\n<li>Ormanlar\u0131n \u00e7evre i\u00e7in \u00f6nemi iyi belgelenmi\u015ftir.<\/li>\n<\/ul>","protected":false},"excerpt":{"rendered":"<p>Ani Aspen A\u011fac\u0131 \u00c7\u00f6k\u00fc\u015f\u00fc: Kurakl\u0131\u011f\u0131n Orman Sa\u011fl\u0131\u011f\u0131na Etkisine \u0130li\u015fkin Bir Vaka \u00c7al\u0131\u015fmas\u0131 Ani Aspen A\u011fac\u0131 \u00c7\u00f6k\u00fc\u015f\u00fc Nedir? Ani aspen a\u011fac\u0131 \u00e7\u00f6k\u00fc\u015f\u00fc (AACC), 2000&#8217;li y\u0131llar\u0131n ba\u015f\u0131ndan beri Amerika Birle\u015fik Devletleri&#8217;nin bat\u0131s\u0131ndaki&hellip;<\/p>\n","protected":false},"author":6,"featured_media":0,"comment_status":"closed","ping_status":"","sticky":false,"template":"","format":"standard","meta":{"footnotes":""},"categories":[590],"tags":[7360,219,34,7361,2990,7321],"class_list":["post-3953","post","type-post","status-publish","format-standard","hentry","category-ecology","tag-sudden-aspen-decline","tag-ecology","tag-climate-change","tag-aspen-trees","tag-drought","tag-forest-health"],"_links":{"self":[{"href":"https:\/\/www.lifescienceart.com\/tr\/wp-json\/wp\/v2\/posts\/3953","targetHints":{"allow":["GET"]}}],"collection":[{"href":"https:\/\/www.lifescienceart.com\/tr\/wp-json\/wp\/v2\/posts"}],"about":[{"href":"https:\/\/www.lifescienceart.com\/tr\/wp-json\/wp\/v2\/types\/post"}],"author":[{"embeddable":true,"href":"https:\/\/www.lifescienceart.com\/tr\/wp-json\/wp\/v2\/users\/6"}],"replies":[{"embeddable":true,"href":"https:\/\/www.lifescienceart.com\/tr\/wp-json\/wp\/v2\/comments?post=3953"}],"version-history":[{"count":1,"href":"https:\/\/www.lifescienceart.com\/tr\/wp-json\/wp\/v2\/posts\/3953\/revisions"}],"predecessor-version":[{"id":3954,"href":"https:\/\/www.lifescienceart.com\/tr\/wp-json\/wp\/v2\/posts\/3953\/revisions\/3954"}],"wp:attachment":[{"href":"https:\/\/www.lifescienceart.com\/tr\/wp-json\/wp\/v2\/media?parent=3953"}],"wp:term":[{"taxonomy":"category","embeddable":true,"href":"https:\/\/www.lifescienceart.com\/tr\/wp-json\/wp\/v2\/categories?post=3953"},{"taxonomy":"post_tag","embeddable":true,"href":"https:\/\/www.lifescienceart.com\/tr\/wp-json\/wp\/v2\/tags?post=3953"}],"curies":[{"name":"wp","href":"https:\/\/api.w.org\/{rel}","templated":true}]}}