{"id":5926,"date":"2024-07-13T04:33:30","date_gmt":"2024-07-13T04:33:30","guid":{"rendered":"https:\/\/www.lifescienceart.com\/?p=5926"},"modified":"2024-07-13T04:33:30","modified_gmt":"2024-07-13T04:33:30","slug":"dwarf-morning-glory-growing-care-guide","status":"publish","type":"post","link":"https:\/\/www.lifescienceart.com\/tr\/life\/nature\/dwarf-morning-glory-growing-care-guide\/","title":{"rendered":"C\u00fcce Sabah Sedefotu: Yeti\u015ftirme ve Bak\u0131m K\u0131lavuzu"},"content":{"rendered":"<h2 class=\"wp-block-heading\">C\u00fcce Sabah Sedefotu: Yeti\u015ftirme ve Bak\u0131m \u0130\u00e7in Kapsaml\u0131 Bir K\u0131lavuz<\/h2>\n\n<h2 class=\"wp-block-heading\">Genel Bak\u0131\u015f<\/h2>\n\n<p>C\u00fcce sabah sedefotu (Evolvulus glomeratus), ayn\u0131 zamanda mavi sis olarak da bilinir, g\u00fcm\u00fc\u015f\u00fcms\u00fc ye\u015fil yapraklarla \u00e7evrili, \u00e7ok say\u0131da ger\u00e7ek mavi \u00e7i\u00e7ek \u00fcreten b\u00fcy\u00fcleyici bir bitkidir. Bu \u00e7ok y\u00f6nl\u00fc bitki, bah\u00e7eleri yer \u00f6rt\u00fcs\u00fc olarak zenginle\u015ftirebilir, saks\u0131lardan a\u015fa\u011f\u0131 do\u011fru d\u00f6k\u00fclebilir veya hatta istinat duvarlar\u0131na benzersiz bir katk\u0131 sa\u011flayabilir.<\/p>\n\n<h2 class=\"wp-block-heading\">Bitki \u00d6zellikleri<\/h2>\n\n<ul class=\"wp-block-list\">\n<li><strong>Boy ve Yay\u0131l\u0131m:<\/strong> 23-61 cm boyunda, 61-91 cm geni\u015fli\u011finde<\/li>\n<li><strong>\u00c7i\u00e7ekler:<\/strong> Ger\u00e7ek mavi, huni \u015feklinde, yakla\u015f\u0131k 1,2 cm geni\u015fli\u011finde<\/li>\n<li><strong>\u00c7i\u00e7eklenme Zaman\u0131:<\/strong> \u0130lkbahar\u0131n sonlar\u0131ndan ilk dona kadar<\/li>\n<li><strong>Yapraklar:<\/strong> Oval \u015fekilli, g\u00fcm\u00fc\u015f\u00fcms\u00fc ye\u015fil, hafif parlak<\/li>\n<li><strong>B\u00fcy\u00fcme Al\u0131\u015fkanl\u0131\u011f\u0131:<\/strong> Al\u00e7akta b\u00fcy\u00fcyen, h\u00f6y\u00fck olu\u015fturan, hafif\u00e7e yay\u0131lan<\/li>\n<\/ul>\n\n<h2 class=\"wp-block-heading\">B\u00fcy\u00fcme Ko\u015fullar\u0131<\/h2>\n\n<ul class=\"wp-block-list\">\n<li><strong>G\u00fcne\u015f I\u015f\u0131\u011f\u0131:<\/strong> Tam g\u00fcne\u015f (g\u00fcnde en az 6-8 saat)<\/li>\n<li><strong>Toprak:<\/strong> \u0130yi drene edilmi\u015f, t\u0131nl\u0131 toprak, hafif asidik ila n\u00f6tr pH<\/li>\n<li><strong>Su:<\/strong> Orta sulama, haftada yakla\u015f\u0131k 1,2-2,5 cm<\/li>\n<li><strong>S\u0131cakl\u0131k:<\/strong> 18\u00b0C&#8217;nin \u00fczerindeki s\u0131cakl\u0131klarda geli\u015fir, dona dayan\u0131kl\u0131 de\u011fildir<\/li>\n<\/ul>\n\n<h2 class=\"wp-block-heading\">Dikim ve \u00dcretim<\/h2>\n\n<p>C\u00fcce sabah sedefotu, fidanl\u0131klardan kolayca dikilebilir veya g\u00f6vde \u00e7elikleri veya tohumlarla \u00e7o\u011falt\u0131labilir.<\/p>\n\n<h2 class=\"wp-block-heading\">Dikim:<\/h2>\n\n<ul class=\"wp-block-list\">\n<li>Son don tarihinden sonra iyi drene edilmi\u015f topra\u011fa dikin.<\/li>\n<li>Bitkiler aras\u0131nda 30-46 cm bo\u015fluk b\u0131rak\u0131n.<\/li>\n<li>Diktikten sonra derinlemesine sulay\u0131n.<\/li>\n<\/ul>\n\n<h2 class=\"wp-block-heading\">G\u00f6vde \u00c7elikleri:<\/h2>\n\n<ul class=\"wp-block-list\">\n<li>Yaz\u0131n sa\u011fl\u0131kl\u0131 g\u00f6vdelerden 7,6-12,7 cm uzunlu\u011funda \u00e7elikler al\u0131n.<\/li>\n<li>\u00c7eliklerin alt 1\/3&#8217;l\u00fck k\u0131sm\u0131ndaki yapraklar\u0131 \u00e7\u0131kar\u0131n.<\/li>\n<li>Kesilen ucu k\u00f6klendirme hormonuna bat\u0131r\u0131n.<\/li>\n<li>\u00c7elikleri, g\u00f6zenekli saks\u0131 kar\u0131\u015f\u0131m\u0131 i\u00e7eren bir kaba dikin.<\/li>\n<li>Topra\u011f\u0131 nemli tutun ve parlak, dolayl\u0131 \u0131\u015f\u0131k sa\u011flay\u0131n.<\/li>\n<li>K\u00f6kler olu\u015ftuktan sonra ilkbaharda d\u0131\u015far\u0131ya dikin.<\/li>\n<\/ul>\n\n<h2 class=\"wp-block-heading\">Tohumlar:<\/h2>\n\n<ul class=\"wp-block-list\">\n<li>Son don tarihinden 8-10 hafta \u00f6nce i\u00e7 mekanlarda tohumlar\u0131 ekin.<\/li>\n<li>Tohumlar\u0131, tohum ba\u015flatma kar\u0131\u015f\u0131m\u0131na 0,6 cm derinli\u011fe ekin.<\/li>\n<li>Topra\u011f\u0131 nemli tutun ve bol miktarda g\u00fcne\u015f \u0131\u015f\u0131\u011f\u0131 sa\u011flay\u0131n.<\/li>\n<li>Don tehlikesi ge\u00e7tikten sonra d\u0131\u015far\u0131ya dikin.<\/li>\n<\/ul>\n\n<h2 class=\"wp-block-heading\">Bak\u0131m ve Onar\u0131m<\/h2>\n\n<p>C\u00fcce sabah sedefotu nispeten az bak\u0131m gerektirir ve minimum bak\u0131m gerektirir.<\/p>\n\n<h2 class=\"wp-block-heading\">Sulama:<\/h2>\n\n<ul class=\"wp-block-list\">\n<li>\u00d6zellikle s\u0131cak ve kurak havalarda d\u00fczenli olarak sulay\u0131n.<\/li>\n<li>Sulamalar aras\u0131nda topra\u011f\u0131n hafif\u00e7e kurumas\u0131n\u0131 bekleyin.<\/li>\n<li>A\u015f\u0131r\u0131 sulamadan ka\u00e7\u0131n\u0131n, \u00e7\u00fcnk\u00fc bu k\u00f6k \u00e7\u00fcr\u00fcmesine neden olabilir.<\/li>\n<\/ul>\n\n<h2 class=\"wp-block-heading\">G\u00fcbreleme:<\/h2>\n\n<ul class=\"wp-block-list\">\n<li>\u0130lkbahar ve yaz aylar\u0131nda dengeli bir s\u0131v\u0131 g\u00fcbre ile ayl\u0131k olarak g\u00fcbreleyin.<\/li>\n<li>K\u0131\u015f aylar\u0131nda g\u00fcbrelemeyin.<\/li>\n<\/ul>\n\n<h2 class=\"wp-block-heading\">Budama:<\/h2>\n\n<ul class=\"wp-block-list\">\n<li>Daha g\u00fcr bir b\u00fcy\u00fcme al\u0131\u015fkanl\u0131\u011f\u0131 te\u015fvik etmek i\u00e7in gen\u00e7ken g\u00f6vdeleri s\u0131k\u0131\u015ft\u0131r\u0131n.<\/li>\n<li>Harcanan \u00e7i\u00e7ekleri temizlemek ve yeni b\u00fcy\u00fcmeyi te\u015fvik etmek i\u00e7in yaz sonunda hafif\u00e7e buday\u0131n.<\/li>\n<\/ul>\n\n<h2 class=\"wp-block-heading\">K\u0131\u015flatma<\/h2>\n\n<p>Il\u0131k iklimlerde c\u00fcce sabah sedefotu d\u0131\u015far\u0131da k\u0131\u015flayabilir.<\/p>\n\n<ul class=\"wp-block-list\">\n<li>Sonbaharda g\u00f6vdeleri kesin ve sulamay\u0131 azalt\u0131n.<\/li>\n<li>K\u0131\u015f aylar\u0131nda g\u00fcbrelemeyin.<\/li>\n<li>Bitkileri donlardan mal\u00e7 veya battaniyelerle koruyun.<\/li>\n<\/ul>\n\n<p>Daha so\u011fuk iklimlerde, saks\u0131l\u0131 bitkiler i\u00e7 mekanlara ev bitkisi olarak getirilebilir.<\/p>\n\n<ul class=\"wp-block-list\">\n<li>G\u00fcne\u015fli bir pencereye yerle\u015ftirin.<\/li>\n<li>Topra\u011f\u0131 hafif\u00e7e nemli tutmak i\u00e7in d\u00fczenli olarak sulay\u0131n.<\/li>\n<\/ul>\n\n<h2 class=\"wp-block-heading\">Sorun Giderme<\/h2>\n\n<p>C\u00fcce sabah sedefotu ile ilgili bilinen tek \u00f6nemli sorun, yo\u011fun, k\u00f6t\u00fc drene olan topraklarda veya a\u015f\u0131r\u0131 sulamada meydana gelebilen k\u00f6k \u00e7\u00fcr\u00fcmesidir.<\/p>\n\n<h2 class=\"wp-block-heading\">Di\u011fer Evolvulus T\u00fcrleri<\/h2>\n\n<p>E. glomeratus&#8217;un yan\u0131 s\u0131ra, bah\u00e7elere g\u00fczellik katabilecek ba\u015fka Evolvulus t\u00fcrleri de vard\u0131r.<\/p>\n\n<ul class=\"wp-block-list\">\n<li>Evolvulus arizonicus (Arizona mavi g\u00f6zleri): 30 cm boyunda h\u00f6y\u00fck olu\u015fturan bitki, d\u00fc\u015f\u00fck nemli bah\u00e7eler i\u00e7in m\u00fckemmeldir.<\/li>\n<li>Evolvulus nuttallianus (t\u00fcyl\u00fc sabah sedefotu): Nemli topraklarda geli\u015fir, 4 ila 10 b\u00f6lgelerde dayan\u0131kl\u0131d\u0131r.<\/li>\n<\/ul>\n\n<h2 class=\"wp-block-heading\">Ek \u0130pu\u00e7lar\u0131<\/h2>\n\n<ul class=\"wp-block-list\">\n<li>Optimum \u00e7i\u00e7eklenme i\u00e7in c\u00fcce sabah sedefotunu tam g\u00fcne\u015fe dikin.<\/li>\n<li>K\u00f6k \u00e7\u00fcr\u00fcmesini \u00f6nlemek i\u00e7in iyi drene olan toprak sa\u011flay\u0131n.<\/li>\n<li>C\u00fcce sabah sedefotunu yer \u00f6rt\u00fcs\u00fc olarak veya g\u00f6rsel ilgiyi art\u0131rmak i\u00e7in asma sepetlerde kullanmay\u0131 d\u00fc\u015f\u00fcn\u00fcn.<\/li>\n<li>Harcanan \u00e7i\u00e7ekler do\u011fal olarak d\u00fc\u015ft\u00fc\u011f\u00fc i\u00e7in \u00f6l\u00fc ba\u015f etme gerekli de\u011fildir.<\/li>\n<li>G\u00fcc\u00fc korumak ve a\u015f\u0131r\u0131 kalabal\u0131kla\u015fmay\u0131 \u00f6nlemek i\u00e7in bitkileri her 3-4 y\u0131lda bir b\u00f6l\u00fcn.<\/li>\n<\/ul>","protected":false},"excerpt":{"rendered":"<p>C\u00fcce Sabah Sedefotu: Yeti\u015ftirme ve Bak\u0131m \u0130\u00e7in Kapsaml\u0131 Bir K\u0131lavuz Genel Bak\u0131\u015f C\u00fcce sabah sedefotu (Evolvulus glomeratus), ayn\u0131 zamanda mavi sis olarak da bilinir, g\u00fcm\u00fc\u015f\u00fcms\u00fc ye\u015fil yapraklarla \u00e7evrili, \u00e7ok say\u0131da&hellip;<\/p>\n","protected":false},"author":4,"featured_media":23847,"comment_status":"closed","ping_status":"closed","sticky":false,"template":"","format":"standard","meta":{"footnotes":""},"categories":[3115],"tags":[8848,10273,634,9088,10272,9222,8819,9168],"class_list":["post-5926","post","type-post","status-publish","format-standard","has-post-thumbnail","hentry","category-nature","tag-gardening","tag-blue-daze","tag-flowers","tag-perennials","tag-dwarf-morning-glory","tag-container-plants","tag-landscaping","tag-ground-cover"],"_links":{"self":[{"href":"https:\/\/www.lifescienceart.com\/tr\/wp-json\/wp\/v2\/posts\/5926","targetHints":{"allow":["GET"]}}],"collection":[{"href":"https:\/\/www.lifescienceart.com\/tr\/wp-json\/wp\/v2\/posts"}],"about":[{"href":"https:\/\/www.lifescienceart.com\/tr\/wp-json\/wp\/v2\/types\/post"}],"author":[{"embeddable":true,"href":"https:\/\/www.lifescienceart.com\/tr\/wp-json\/wp\/v2\/users\/4"}],"replies":[{"embeddable":true,"href":"https:\/\/www.lifescienceart.com\/tr\/wp-json\/wp\/v2\/comments?post=5926"}],"version-history":[{"count":1,"href":"https:\/\/www.lifescienceart.com\/tr\/wp-json\/wp\/v2\/posts\/5926\/revisions"}],"predecessor-version":[{"id":5927,"href":"https:\/\/www.lifescienceart.com\/tr\/wp-json\/wp\/v2\/posts\/5926\/revisions\/5927"}],"wp:featuredmedia":[{"embeddable":true,"href":"https:\/\/www.lifescienceart.com\/tr\/wp-json\/wp\/v2\/media\/23847"}],"wp:attachment":[{"href":"https:\/\/www.lifescienceart.com\/tr\/wp-json\/wp\/v2\/media?parent=5926"}],"wp:term":[{"taxonomy":"category","embeddable":true,"href":"https:\/\/www.lifescienceart.com\/tr\/wp-json\/wp\/v2\/categories?post=5926"},{"taxonomy":"post_tag","embeddable":true,"href":"https:\/\/www.lifescienceart.com\/tr\/wp-json\/wp\/v2\/tags?post=5926"}],"curies":[{"name":"wp","href":"https:\/\/api.w.org\/{rel}","templated":true}]}}