{"id":7403,"date":"2024-07-03T14:52:51","date_gmt":"2024-07-03T14:52:51","guid":{"rendered":"https:\/\/www.lifescienceart.com\/?p=7403"},"modified":"2024-07-03T14:52:51","modified_gmt":"2024-07-03T14:52:51","slug":"growing-and-caring-for-common-juniper-a-comprehensive-guide","status":"publish","type":"post","link":"https:\/\/www.lifescienceart.com\/tr\/life\/gardening\/growing-and-caring-for-common-juniper-a-comprehensive-guide\/","title":{"rendered":"Ard\u0131\u00e7 Yeti\u015ftirme ve Bak\u0131m\u0131: Kapsaml\u0131 Bir K\u0131lavuz"},"content":{"rendered":"<h2 class=\"wp-block-heading\">Ard\u0131\u00e7 Yeti\u015ftirme ve Bak\u0131m\u0131: Kapsaml\u0131 Bir K\u0131lavuz<\/h2>\n\n<h2 class=\"wp-block-heading\">Bitki Genel Bak\u0131\u015f<\/h2>\n\n<p>Ard\u0131\u00e7 (Juniperus communis), kuzey yar\u0131mk\u00fcreye \u00f6zg\u00fc, \u00e7ok y\u00f6nl\u00fc bir i\u011fne yaprakl\u0131 herdem ye\u015fil a\u011fa\u00e7t\u0131r. Uyum yetene\u011fi ve dayan\u0131kl\u0131l\u0131\u011f\u0131 ile tan\u0131n\u0131r, bah\u00e7ecilik ve peyzaj \u00e7al\u0131\u015fmalar\u0131 i\u00e7in pop\u00fcler bir se\u00e7im haline gelmi\u015ftir.<\/p>\n\n<h2 class=\"wp-block-heading\">T\u00fcrler ve \u00c7e\u015fitler<\/h2>\n\n<p>T\u00fcr\u00fcne g\u00f6re daha az yayg\u0131n olsa da, \u00c7in ard\u0131c\u0131na k\u0131yasla, \u00e7ok \u00e7e\u015fitli ard\u0131\u00e7 \u00e7e\u015fitleri mevcuttur. Bunlar \u015funlard\u0131r:<\/p>\n\n<ul class=\"wp-block-list\">\n<li>Juniperis communis &#8216;Gold Cone&#8217;: A\u00e7\u0131k ye\u015filimsi yapraklar\u0131 olan s\u00fctunsu form<\/li>\n<li>Juniperis communis &#8216;Repanda&#8217;: Toprak \u00f6rt\u00fcs\u00fc tabiat\u0131nda, yay\u0131l\u0131c\u0131 form<\/li>\n<li>Juniperis communis &#8216;Compressa&#8217;: Dik, koni bi\u00e7imli \u00e7al\u0131<\/li>\n<li>Juniperis communis &#8216;Hibernica&#8217;: S\u00fctun bi\u00e7imli \u00e7al\u0131<\/li>\n<li>Juniperis communis &#8216;Blue Stripe&#8217;: Mavi \u00e7izgili yapraklar\u0131 olan yay\u0131l\u0131c\u0131 form<\/li>\n<\/ul>\n\n<h2 class=\"wp-block-heading\">Dikim ve Bak\u0131m<\/h2>\n\n<h2 class=\"wp-block-heading\">Dikim:<\/h2>\n\n<ul class=\"wp-block-list\">\n<li>4,0 ile 8,0 pH aral\u0131\u011f\u0131nda, iyi drene edilmi\u015f topra\u011fa dikin.<\/li>\n<li>K\u00f6k yuma\u011f\u0131ndan iki kat daha geni\u015f bir \u00e7ukur kaz\u0131n ve topra\u011f\u0131 organik madde ile iyile\u015ftirin.<\/li>\n<li>\u00c7al\u0131y\u0131 saks\u0131da oldu\u011fu y\u00fcksekli\u011fe yerle\u015ftirin.<\/li>\n<\/ul>\n\n<h2 class=\"wp-block-heading\">Sulama:<\/h2>\n\n<ul class=\"wp-block-list\">\n<li>Ard\u0131\u00e7lar kurakl\u0131\u011fa dayan\u0131kl\u0131d\u0131r, ancak nemli topra\u011f\u0131 tercih ederler.<\/li>\n<li>A\u015f\u0131r\u0131 su vermeyin \u00e7\u00fcnk\u00fc su birikintisi ko\u015fullar\u0131na dayanamazlar.<\/li>\n<\/ul>\n\n<h2 class=\"wp-block-heading\">G\u00fcne\u015f I\u015f\u0131\u011f\u0131:<\/h2>\n\n<ul class=\"wp-block-list\">\n<li>Bu g\u00fcne\u015fi seven bitkiler optimum b\u00fcy\u00fcme i\u00e7in tam g\u00fcne\u015fe ihtiya\u00e7 duyar.<\/li>\n<\/ul>\n\n<h2 class=\"wp-block-heading\">S\u0131cakl\u0131k:<\/h2>\n\n<ul class=\"wp-block-list\">\n<li>2 ile 7 USDA b\u00f6lgelerinde dayan\u0131kl\u0131 olan \u00e7o\u011fu ard\u0131\u00e7 \u00e7e\u015fidi, -49 derece Fahrenhayt&#8217;a kadar d\u00fc\u015f\u00fck s\u0131cakl\u0131klara dayanabilir.<\/li>\n<\/ul>\n\n<h2 class=\"wp-block-heading\">G\u00fcbreleme:<\/h2>\n\n<ul class=\"wp-block-list\">\n<li>Ard\u0131\u00e7lar hafif besleyicilerdir ve d\u00fczenli g\u00fcbrelemeye ihtiya\u00e7 duymazlar. Ge\u00e7 k\u0131\u015f veya erken ilkbaharda yava\u015f sal\u0131n\u0131ml\u0131 bir \u00e7al\u0131 ve a\u011fa\u00e7 g\u00fcbresinin y\u0131ll\u0131k uygulamas\u0131 faydal\u0131 olabilir.<\/li>\n<\/ul>\n\n<h2 class=\"wp-block-heading\">Budama:<\/h2>\n\n<ul class=\"wp-block-list\">\n<li>Budama genellikle gerekli de\u011fildir, ancak hastal\u0131kl\u0131 veya k\u0131r\u0131k dallar\u0131 \u00e7\u0131karmak i\u00e7in k\u0131\u015f sonunda yap\u0131labilir.<\/li>\n<li>\u015eekil vermek i\u00e7in budarken, tek tek dallar\u0131 yukar\u0131 do\u011fru b\u00fcy\u00fcyen bir yanal dala kesin.<\/li>\n<\/ul>\n\n<h2 class=\"wp-block-heading\">\u00dcretim<\/h2>\n\n<h2 class=\"wp-block-heading\">\u00c7eliklerin K\u00f6klenmesi:<\/h2>\n\n<ul class=\"wp-block-list\">\n<li>Yaz sonunda dallar\u0131n u\u00e7lar\u0131ndan 4-6 in\u00e7lik \u00e7elik al\u0131n.<\/li>\n<li>Kesilen u\u00e7lar\u0131 k\u00f6klendirme hormonuna bat\u0131r\u0131n ve g\u00f6zenekli bir saks\u0131 topra\u011f\u0131na dikin.<\/li>\n<li>\u00c7elikleri nemli tutun ve k\u00f6k geli\u015fene kadar (6-12 hafta) korunakl\u0131 bir yerde tutun.<\/li>\n<\/ul>\n\n<h2 class=\"wp-block-heading\">Tohumdan Yeti\u015ftirme:<\/h2>\n\n<ul class=\"wp-block-list\">\n<li>Ard\u0131\u00e7lar iki evciklidir, yani erkek ve di\u015fi bitkileri vard\u0131r. \u00c7apraz tozla\u015fma ve meyve \u00fcretimi i\u00e7in her ikisinin de mevcut olmas\u0131 gerekir.<\/li>\n<li>Olgunla\u015fm\u0131\u015f (mor\/siyah renge d\u00f6nm\u00fc\u015f) meyveleri toplay\u0131n ve tohumlar\u0131 do\u011frudan topra\u011fa ekin veya ekimden \u00f6nce 120 g\u00fcne kadar tabakala\u015ft\u0131r\u0131n.<\/li>\n<li>\u00c7imlenme oranlar\u0131 d\u00fc\u015f\u00fckt\u00fcr, bu nedenle bir seferde birka\u00e7 tohum ekilmelidir.<\/li>\n<li>Fideler yava\u015f b\u00fcy\u00fcr ve nakil i\u00e7in uygun bir boyuta ula\u015fmalar\u0131 iki y\u0131l\u0131 bulabilir.<\/li>\n<\/ul>\n\n<h2 class=\"wp-block-heading\">Saks\u0131lama ve K\u0131\u015flama<\/h2>\n\n<h2 class=\"wp-block-heading\">Saks\u0131lama:<\/h2>\n\n<ul class=\"wp-block-list\">\n<li>Ard\u0131c\u0131n k\u00fc\u00e7\u00fck, dik \u00e7e\u015fitleri kaplarda yeti\u015ftirilebilir.<\/li>\n<li>Kum veya perlit ilavesi yap\u0131lm\u0131\u015f, iyi drene edilmi\u015f bir saks\u0131 topra\u011f\u0131 kullan\u0131n.<\/li>\n<\/ul>\n\n<h2 class=\"wp-block-heading\">K\u0131\u015flama:<\/h2>\n\n<ul class=\"wp-block-list\">\n<li>Daha so\u011fuk iklimlerde, saks\u0131daki ard\u0131\u00e7lar\u0131n k\u0131\u015f\u0131n i\u00e7 mekanlara ta\u015f\u0131nmas\u0131 veya mal\u00e7la \u00f6rt\u00fclmesi gerekebilir.<\/li>\n<li>Uzun s\u00fcre i\u00e7 mekanlarda tutmaktan ka\u00e7\u0131n\u0131n, \u00e7\u00fcnk\u00fc so\u011fuk bir uyku d\u00f6nemine ihtiya\u00e7lar\u0131 vard\u0131r.<\/li>\n<\/ul>\n\n<h2 class=\"wp-block-heading\">Zararl\u0131lar ve Hastal\u0131klar<\/h2>\n\n<h2 class=\"wp-block-heading\">Yayg\u0131n Zararl\u0131lar:<\/h2>\n\n<ul class=\"wp-block-list\">\n<li>Kese kurtlar\u0131<\/li>\n<li>Ard\u0131\u00e7 kabuklu bitleri<\/li>\n<li>Yaprak bitleri<\/li>\n<\/ul>\n\n<h2 class=\"wp-block-heading\">Yayg\u0131n Hastal\u0131klar:<\/h2>\n\n<ul class=\"wp-block-list\">\n<li>Ard\u0131\u00e7 pas\u0131<\/li>\n<li>Dal kanseri<\/li>\n<li>Sedir elma pas\u0131<\/li>\n<\/ul>\n\n<h2 class=\"wp-block-heading\">Sorun Giderme<\/h2>\n\n<h2 class=\"wp-block-heading\">Dallardaki U\u00e7lar\u0131n \u00d6lmesi:<\/h2>\n\n<ul class=\"wp-block-list\">\n<li>Mantar hastal\u0131klar\u0131 (pas) olup olmad\u0131\u011f\u0131n\u0131 kontrol edin ve etkilenen dallar\u0131 buday\u0131n.<\/li>\n<\/ul>\n\n<h2 class=\"wp-block-heading\">Yapraklar\u0131n Bir Taraf\u0131n\u0131n \u00d6lmesi:<\/h2>\n\n<ul class=\"wp-block-list\">\n<li>Kurumadan kaynaklanan k\u0131\u015f yan\u0131\u011f\u0131n\u0131 g\u00f6sterir. \u015eiddetliyse \u00e7al\u0131 \u00f6lebilir.<\/li>\n<\/ul>\n\n<h2 class=\"wp-block-heading\">Dallardan Tek Tek \u00d6lmesi:<\/h2>\n\n<ul class=\"wp-block-list\">\n<li>Phytophthora k\u00f6k \u00e7\u00fcr\u00fckl\u00fc\u011f\u00fc bunun nedeni olabilir. Hasarl\u0131 dallar\u0131 buday\u0131n ve topra\u011f\u0131n drenaj\u0131n\u0131 iyile\u015ftirin.<\/li>\n<\/ul>\n\n<h2 class=\"wp-block-heading\">\u0130\u011fnelerin Kahverengile\u015fmesi ve D\u00f6k\u00fclmesi:<\/h2>\n\n<ul class=\"wp-block-list\">\n<li>A\u015f\u0131r\u0131 sulama, yetersiz sulama veya evcil hayvan idrar\u0131 neden olabilir.<\/li>\n<\/ul>\n\n<h2 class=\"wp-block-heading\">Ek Kullan\u0131mlar ve Hususlar<\/h2>\n\n<h2 class=\"wp-block-heading\">Pratik Kullan\u0131mlar:<\/h2>\n\n<ul class=\"wp-block-list\">\n<li>Ard\u0131\u00e7 meyveleri cin, \u00e7ay ve yemeklik tariflere lezzet katmak i\u00e7in kullan\u0131l\u0131r.<\/li>\n<li>Bitki, yaban hayat\u0131na yiyecek ve bar\u0131nak sa\u011flar.<\/li>\n<\/ul>\n\n<h2 class=\"wp-block-heading\">\u00c7in Ard\u0131c\u0131 ile Kar\u015f\u0131la\u015ft\u0131rma:<\/h2>\n\n<ul class=\"wp-block-list\">\n<li>Adi ard\u0131\u00e7 daha i\u011fne benzeri yapraklara ve mavimsi meyvelere sahiptir.<\/li>\n<li>\u00c7in ard\u0131c\u0131ndan daha so\u011fuk iklimlere daha uygundur.<\/li>\n<\/ul>\n\n<h2 class=\"wp-block-heading\">Peyzaj Uygulamalar\u0131:<\/h2>\n\n<ul class=\"wp-block-list\">\n<li>Ard\u0131\u00e7lar, toplu dikimler, toprak \u00f6rt\u00fcleri, kaya bah\u00e7eleri ve genel bah\u00e7e kullan\u0131m\u0131 i\u00e7in \u00e7ok y\u00f6nl\u00fc \u00e7al\u0131lard\u0131r.<\/li>\n<li>Farkl\u0131 \u00e7e\u015fitler, belirli peyzaj ihtiya\u00e7lar\u0131na uygun \u00e7e\u015fitli \u015fekil ve boyutlarda gelir.<\/li>\n<\/ul>\n\n<h2 class=\"wp-block-heading\">Yenilebilir Meyveler:<\/h2>\n\n<ul class=\"wp-block-list\">\n<li>Ard\u0131\u00e7 meyveleri yenilebilir, ancak baz\u0131 ard\u0131\u00e7 t\u00fcrlerinin zehirli meyveleri oldu\u011fu i\u00e7in dikkatli olunmal\u0131d\u0131r.<\/li>\n<li>Meyvelerin olgunla\u015fmas\u0131 2-3 y\u0131l s\u00fcrer ve ku\u015flar\u0131n t\u00fcketmesi nedeniyle nadir olabilirler.<\/li>\n<\/ul>","protected":false},"excerpt":{"rendered":"<p>Ard\u0131\u00e7 Yeti\u015ftirme ve Bak\u0131m\u0131: Kapsaml\u0131 Bir K\u0131lavuz Bitki Genel Bak\u0131\u015f Ard\u0131\u00e7 (Juniperus communis), kuzey yar\u0131mk\u00fcreye \u00f6zg\u00fc, \u00e7ok y\u00f6nl\u00fc bir i\u011fne yaprakl\u0131 herdem ye\u015fil a\u011fa\u00e7t\u0131r. Uyum yetene\u011fi ve dayan\u0131kl\u0131l\u0131\u011f\u0131 ile tan\u0131n\u0131r,&hellip;<\/p>\n","protected":false},"author":5,"featured_media":23803,"comment_status":"closed","ping_status":"closed","sticky":false,"template":"","format":"standard","meta":{"footnotes":""},"categories":[8813],"tags":[11892,8848,8849,11893,8819,8984],"class_list":["post-7403","post","type-post","status-publish","format-standard","has-post-thumbnail","hentry","category-gardening","tag-common-juniper","tag-gardening","tag-plant-care","tag-conifer","tag-landscaping","tag-evergreen"],"_links":{"self":[{"href":"https:\/\/www.lifescienceart.com\/tr\/wp-json\/wp\/v2\/posts\/7403","targetHints":{"allow":["GET"]}}],"collection":[{"href":"https:\/\/www.lifescienceart.com\/tr\/wp-json\/wp\/v2\/posts"}],"about":[{"href":"https:\/\/www.lifescienceart.com\/tr\/wp-json\/wp\/v2\/types\/post"}],"author":[{"embeddable":true,"href":"https:\/\/www.lifescienceart.com\/tr\/wp-json\/wp\/v2\/users\/5"}],"replies":[{"embeddable":true,"href":"https:\/\/www.lifescienceart.com\/tr\/wp-json\/wp\/v2\/comments?post=7403"}],"version-history":[{"count":1,"href":"https:\/\/www.lifescienceart.com\/tr\/wp-json\/wp\/v2\/posts\/7403\/revisions"}],"predecessor-version":[{"id":7404,"href":"https:\/\/www.lifescienceart.com\/tr\/wp-json\/wp\/v2\/posts\/7403\/revisions\/7404"}],"wp:featuredmedia":[{"embeddable":true,"href":"https:\/\/www.lifescienceart.com\/tr\/wp-json\/wp\/v2\/media\/23803"}],"wp:attachment":[{"href":"https:\/\/www.lifescienceart.com\/tr\/wp-json\/wp\/v2\/media?parent=7403"}],"wp:term":[{"taxonomy":"category","embeddable":true,"href":"https:\/\/www.lifescienceart.com\/tr\/wp-json\/wp\/v2\/categories?post=7403"},{"taxonomy":"post_tag","embeddable":true,"href":"https:\/\/www.lifescienceart.com\/tr\/wp-json\/wp\/v2\/tags?post=7403"}],"curies":[{"name":"wp","href":"https:\/\/api.w.org\/{rel}","templated":true}]}}