{"id":9990,"date":"2023-12-11T12:46:12","date_gmt":"2023-12-11T12:46:12","guid":{"rendered":"https:\/\/www.lifescienceart.com\/?p=9990"},"modified":"2023-12-11T12:46:12","modified_gmt":"2023-12-11T12:46:12","slug":"cardinal-flower-growing-and-care-guide","status":"publish","type":"post","link":"https:\/\/www.lifescienceart.com\/tr\/life\/nature\/cardinal-flower-growing-and-care-guide\/","title":{"rendered":"Kardinal \u00c7i\u00e7e\u011fi: Yeti\u015ftirme, Bak\u0131m ve Kullan\u0131m Rehberi"},"content":{"rendered":"<h2 class=\"wp-block-heading\">Kardinal \u00c7i\u00e7e\u011fi: Yeti\u015ftirme ve Bak\u0131m Rehberi<\/h2>\n\n<h2 class=\"wp-block-heading\">Kardinal \u00c7i\u00e7e\u011fi Hakk\u0131nda<\/h2>\n\n<p>Kardinal \u00e7i\u00e7e\u011fi (Lobelia cardinalis), Kuzey Amerika&#8217;n\u0131n nemli b\u00f6lgelerinde bulunan \u00e7arp\u0131c\u0131 bir yerli bitkidir. Bu otsu \u00e7ok y\u0131ll\u0131k bitki, m\u0131zrak \u015feklinde koyu ye\u015fil yapraklara ve canl\u0131 k\u0131rm\u0131z\u0131 t\u00fcb\u00fcler \u00e7i\u00e7eklerle s\u00fcslenmi\u015f uzun \u00e7i\u00e7ek saplar\u0131na sahiptir. Kardinallerin giydi\u011fi k\u0131rm\u0131z\u0131 c\u00fcppeleri and\u0131ran b\u00fcy\u00fcleyici \u00e7i\u00e7ekleri, ona ay\u0131rt edici ad\u0131n\u0131 kazand\u0131rm\u0131\u015ft\u0131r.<\/p>\n\n<h2 class=\"wp-block-heading\">Yeti\u015ftirme Ko\u015fullar\u0131 ve Bak\u0131m\u0131<\/h2>\n\n<p>Kardinal \u00e7i\u00e7e\u011fi, tam g\u00fcne\u015f veya k\u0131smi g\u00f6lge alan nemli, iyi drene edilmi\u015f topraklarda geli\u015fir. Hafif asidikten n\u00f6tre kadar \u00e7ok \u00e7e\u015fitli toprak pH seviyelerine tolerans g\u00f6sterebilir. Optimum b\u00fcy\u00fcmeyi sa\u011flamak i\u00e7in topra\u011f\u0131 s\u00fcrekli nemli tutun, \u00e7\u00fcnk\u00fc bu bitki kurakl\u0131\u011fa tahamm\u00fcl etmez. \u00c7i\u00e7eklenme d\u00f6neminde her iki haftada bir g\u00fcbrelemek, bol \u00e7i\u00e7eklenmeyi te\u015fvik edebilir.<\/p>\n\n<h2 class=\"wp-block-heading\">\u00dcretim Y\u00f6ntemleri<\/h2>\n\n<p>Kardinal \u00e7i\u00e7e\u011fi, tohum, b\u00f6lme ve gen\u00e7 yavru bitkilerin dikilmesi de dahil olmak \u00fczere \u00e7e\u015fitli y\u00f6ntemlerle \u00e7o\u011falt\u0131labilir. B\u00f6lme, sonbaharda t\u00fcm koloniyi dikkatlice kazmay\u0131, sa\u011fl\u0131kl\u0131 k\u00f6klere ve tac\u0131n bir k\u0131sm\u0131na sahip k\u00f6k k\u00fcmelerini ay\u0131rmay\u0131 ve bunlar\u0131 istenen yerlere dikmeyi i\u00e7eren en yayg\u0131n tekniktir.<\/p>\n\n<h2 class=\"wp-block-heading\">\u00c7i\u00e7eklenmeyi Te\u015fvik Etme<\/h2>\n\n<p>Bol \u00e7i\u00e7eklenme i\u00e7in, b\u00fcy\u00fcme mevsimi boyunca topra\u011f\u0131n e\u015fit \u015fekilde nemli kald\u0131\u011f\u0131ndan emin olun. Ayr\u0131ca, \u00e7i\u00e7eklenme d\u00f6neminde her iki haftada bir bitkiyi g\u00fcbreleyerek \u00e7i\u00e7ek \u00fcretimini te\u015fvik edin.<\/p>\n\n<h2 class=\"wp-block-heading\">Yayg\u0131n Sorunlar<\/h2>\n\n<p>Dayan\u0131kl\u0131l\u0131\u011f\u0131na ra\u011fmen, kardinal \u00e7i\u00e7e\u011fi birka\u00e7 yayg\u0131n sorunla kar\u015f\u0131la\u015fabilir:<\/p>\n\n<ul class=\"wp-block-list\">\n<li><strong>Sararan Yapraklar:<\/strong> Besin eksikli\u011fi olan toprak, yapraklar\u0131n sararmas\u0131na neden olabilir. Bu sorunu \u00e7\u00f6zmek i\u00e7in bitkilerin taban\u0131na zengin bir kompost uygulay\u0131n.<\/li>\n<li><strong>Devrilen \u00c7i\u00e7ek Saplar\u0131:<\/strong> G\u00f6lgeli ko\u015fullarda \u00e7i\u00e7ek saplar\u0131 uzun ve ince olabilir. R\u00fczgara kar\u015f\u0131 desteklemek i\u00e7in kaz\u0131klar veya \u00e7emberler kullan\u0131n.<\/li>\n<li><strong>Seyrek K\u00fcmeler:<\/strong> K\u0131sa \u00f6m\u00fcrl\u00fc bir bitki olarak, kardinal \u00e7i\u00e7e\u011fi zamanla seyrek k\u00fcmeler geli\u015ftirebilir. Bitkiyi kaz\u0131n, tac\u0131 b\u00f6l\u00fcn ve par\u00e7alar\u0131 gen\u00e7le\u015ftirmek i\u00e7in daha yak\u0131n birbirine dikin.<\/li>\n<\/ul>\n\n<h2 class=\"wp-block-heading\">K\u0131\u015f\u0131n Bak\u0131m\u0131<\/h2>\n\n<p>\u00c7o\u011fu b\u00f6lgede, kardinal \u00e7i\u00e7e\u011fi \u00f6zel bir k\u0131\u015f korumas\u0131 gerektirmez. Ancak, s\u0131n\u0131rda dayan\u0131kl\u0131l\u0131k g\u00f6steren alanlarda, donma-\u00e7\u00f6z\u00fclme d\u00f6ng\u00fclerini azaltmak ve hayatta kalmay\u0131 sa\u011flamak i\u00e7in k\u00f6k ta\u00e7lar\u0131n\u0131n \u00fczerine bir mal\u00e7 tabakas\u0131 uygulay\u0131n.<\/p>\n\n<h2 class=\"wp-block-heading\">Peyzaj Kullan\u0131mlar\u0131<\/h2>\n\n<p>Kardinal \u00e7i\u00e7e\u011fi, \u00e7e\u015fitli peyzaj uygulamalar\u0131na sahip \u00e7ok y\u00f6nl\u00fc bir bitkidir:<\/p>\n\n<ul class=\"wp-block-list\">\n<li><strong>Nemli Alanlar:<\/strong> Islak ortamlarda geli\u015fme yetene\u011fi, onu yama\u00e7lar\u0131 stabilize etmek ve erozyonu \u00f6nlemek i\u00e7in m\u00fckemmel bir se\u00e7im haline getirir.<\/li>\n<li><strong>Kar\u0131\u015f\u0131k S\u0131n\u0131r Bah\u00e7eleri:<\/strong> Kardinal \u00e7i\u00e7e\u011finin canl\u0131 \u00e7i\u00e7ekleri, di\u011fer bitkilerle \u00e7arp\u0131c\u0131 bir kontrast olu\u015fturur, ancak parlak k\u0131rm\u0131z\u0131 rengi di\u011fer k\u0131rm\u0131z\u0131 renklerle iyi uyum sa\u011flamayabilir. Mor ve mavi \u00e7i\u00e7ekleri son derece iyi tamamlar.<\/li>\n<li><strong>Tozlay\u0131c\u0131 Bah\u00e7eleri:<\/strong> Sinek ku\u015flar\u0131 ve kelebekler, kardinal \u00e7i\u00e7e\u011finin nektar\u0131na kar\u015f\u0131 konulmaz bir \u015fekilde \u00e7ekilir ve bu da onu tozlay\u0131c\u0131 bah\u00e7elerine de\u011ferli bir katk\u0131 haline getirir.<\/li>\n<\/ul>\n\n<h2 class=\"wp-block-heading\">Toksiklik<\/h2>\n\n<p>Kardinal \u00e7i\u00e7e\u011finin, yutulmas\u0131 halinde sindirim rahats\u0131zl\u0131\u011f\u0131na, konv\u00fclsiyonlara ve hatta \u00f6l\u00fcme neden olabilecek lobelamin ve loelin de dahil olmak \u00fczere toksik alkaloidler i\u00e7erdi\u011fini unutmamak \u00f6nemlidir. Bitkiyi tutarken dikkatli olun ve \u00e7ocuklar\u0131n ve evcil hayvanlar\u0131n eri\u015femeyece\u011fi yerlerde saklay\u0131n.<\/p>\n\n<h2 class=\"wp-block-heading\">Ek Bilgiler<\/h2>\n\n<p><strong>\u00c7i\u00e7eklenme Zaman\u0131:<\/strong> Kardinal \u00e7i\u00e7e\u011fi tipik olarak temmuzdan sonbahar\u0131n ba\u015flar\u0131na kadar \u00e7i\u00e7ek a\u00e7ar ve yaz sonunda bah\u00e7eye bir renk s\u0131\u00e7ramas\u0131 katar.<\/p>\n\n<p><strong>Dayan\u0131kl\u0131l\u0131k B\u00f6lgeleri:<\/strong> Bu \u00e7ok y\u00f6nl\u00fc bitki, USDA dayan\u0131kl\u0131l\u0131k b\u00f6lgeleri 2-9&#8217;da dayan\u0131kl\u0131d\u0131r ve bu da onu \u00e7ok \u00e7e\u015fitli iklimler i\u00e7in uygun hale getirir.<\/p>\n\n<p><strong>Yaban Hayat\u0131 De\u011feri:<\/strong> Kardinal \u00e7i\u00e7e\u011fi, sinek ku\u015flar\u0131 ve kelebekler i\u00e7in de\u011ferli bir besin kayna\u011f\u0131d\u0131r ve bu tozlay\u0131c\u0131lar\u0131 bah\u00e7eye \u00e7eker.<\/p>\n\n<p><strong>T\u0131bbi Kullan\u0131mlar:<\/strong> Yerli Amerikal\u0131lar kardinal \u00e7i\u00e7e\u011fini geleneksel olarak t\u0131bbi ama\u00e7larla kullanm\u0131\u015flard\u0131r, ancak yaln\u0131zca kalifiye bir sa\u011fl\u0131k uzman\u0131n\u0131n rehberli\u011finde kullan\u0131lmal\u0131d\u0131r.<\/p>","protected":false},"excerpt":{"rendered":"<p>Kardinal \u00c7i\u00e7e\u011fi: Yeti\u015ftirme ve Bak\u0131m Rehberi Kardinal \u00c7i\u00e7e\u011fi Hakk\u0131nda Kardinal \u00e7i\u00e7e\u011fi (Lobelia cardinalis), Kuzey Amerika&#8217;n\u0131n nemli b\u00f6lgelerinde bulunan \u00e7arp\u0131c\u0131 bir yerli bitkidir. Bu otsu \u00e7ok y\u0131ll\u0131k bitki, m\u0131zrak \u015feklinde koyu&hellip;<\/p>\n","protected":false},"author":3,"featured_media":0,"comment_status":"closed","ping_status":"","sticky":false,"template":"","format":"standard","meta":{"footnotes":""},"categories":[3115],"tags":[8848,14195,8819,11455,9309],"class_list":["post-9990","post","type-post","status-publish","format-standard","hentry","category-nature","tag-gardening","tag-cardinal-flower","tag-landscaping","tag-pollinator-gardens","tag-native-plants"],"_links":{"self":[{"href":"https:\/\/www.lifescienceart.com\/tr\/wp-json\/wp\/v2\/posts\/9990","targetHints":{"allow":["GET"]}}],"collection":[{"href":"https:\/\/www.lifescienceart.com\/tr\/wp-json\/wp\/v2\/posts"}],"about":[{"href":"https:\/\/www.lifescienceart.com\/tr\/wp-json\/wp\/v2\/types\/post"}],"author":[{"embeddable":true,"href":"https:\/\/www.lifescienceart.com\/tr\/wp-json\/wp\/v2\/users\/3"}],"replies":[{"embeddable":true,"href":"https:\/\/www.lifescienceart.com\/tr\/wp-json\/wp\/v2\/comments?post=9990"}],"version-history":[{"count":1,"href":"https:\/\/www.lifescienceart.com\/tr\/wp-json\/wp\/v2\/posts\/9990\/revisions"}],"predecessor-version":[{"id":9991,"href":"https:\/\/www.lifescienceart.com\/tr\/wp-json\/wp\/v2\/posts\/9990\/revisions\/9991"}],"wp:attachment":[{"href":"https:\/\/www.lifescienceart.com\/tr\/wp-json\/wp\/v2\/media?parent=9990"}],"wp:term":[{"taxonomy":"category","embeddable":true,"href":"https:\/\/www.lifescienceart.com\/tr\/wp-json\/wp\/v2\/categories?post=9990"},{"taxonomy":"post_tag","embeddable":true,"href":"https:\/\/www.lifescienceart.com\/tr\/wp-json\/wp\/v2\/tags?post=9990"}],"curies":[{"name":"wp","href":"https:\/\/api.w.org\/{rel}","templated":true}]}}